{"id":53933,"date":"2025-10-08T22:23:21","date_gmt":"2025-10-09T01:23:21","guid":{"rendered":"https:\/\/hablemosclarotdf.com.ar\/?p=53933"},"modified":"2025-10-08T22:23:21","modified_gmt":"2025-10-09T01:23:21","slug":"este-gobierno-nunca-cerceno-derechos-a-los-trabajadores-como-si-se-esta-haciendo-desde-el-gobierno-nacional","status":"publish","type":"post","link":"https:\/\/hablemosclarotdf.com.ar\/?p=53933","title":{"rendered":"\u201cESTE GOBIERNO NUNCA CERCEN\u00d3 DERECHOS A LOS TRABAJADORES COMO S\u00cd SE EST\u00c1 HACIENDO DESDE EL GOBIERNO NACIONAL\u201d"},"content":{"rendered":"<p>Lo sostuvo el viceministro Coordinador de Gabinete, Jorge Canals, al desmentir categ\u00f3ricamente la presentaci\u00f3n de un supuesto proyecto de modificaci\u00f3n del r\u00e9gimen jubilatorio policial en Tierra del Fuego.<\/p>\n<p>En las \u00faltimas horas, comenzaron a circular versiones sobre un supuesto proyecto de modificaci\u00f3n del r\u00e9gimen jubilatorio del personal policial en Tierra del Fuego, generando preocupaci\u00f3n en sectores vinculados a la seguridad provincial. Ante el impacto de estos rumores, desde el Gobierno provincial salieron a desmentir enf\u00e1ticamente la existencia de dicha iniciativa.<\/p>\n<p>Seg\u00fan la informaci\u00f3n difundida, el supuesto proyecto establecer\u00eda una nueva edad m\u00ednima de 55 a\u00f1os para acceder al retiro, adem\u00e1s de exigir 30 a\u00f1os de servicio exclusivamente en la polic\u00eda provincial, sin posibilidad de computar a\u00f1os provenientes de otras fuerzas. Tambi\u00e9n se afirmaba que quienes cumplieran con estos requisitos percibir\u00edan el 100% del haber jubilatorio, y que los tr\u00e1mites iniciados antes del 1\u00b0 de enero de 2025 seguir\u00edan rigi\u00e9ndose por la normativa vigente.<\/p>\n<p>Sin embargo, Jorge Canals, viceministro Coordinador de Gabinete, desminti\u00f3 enf\u00e1ticamente la existencia de cualquier tipo de proyecto oficial en este sentido. \u201cDe ninguna manera el Gobierno de la provincia ha presentado ning\u00fan tipo de estas iniciativas\u201d, sostuvo, al tiempo que vincul\u00f3 la difusi\u00f3n del supuesto proyecto con maniobras pol\u00edticas ligado directamente a las elecciones legislativas del 26 de octubre.<\/p>\n<p>\u201cEste Gobierno provincial nunca cercen\u00f3 derechos a los trabajadores como s\u00ed se est\u00e1 haciendo desde el Gobierno nacional\u201d, enfatiz\u00f3 Canals al ligar este tipo de cosas \u201ca jugadas de algunos que quieren entorpecer los procesos electorales, que les gusta jugar con el clima social de la gente. No hay ning\u00fan proyecto elevado ni presentado por el Ejecutivo provincial. No existe en carpeta ni ha sido analizado, ni ser\u00e1 analizado una modificaci\u00f3n al r\u00e9gimen jubilatorio de los efectivos policiales\u201d, afirm\u00f3.<\/p>\n<p>El funcionario tambi\u00e9n llam\u00f3 a consultar directamente en la Legislatura Provincial para verificar que no se encuentra en tr\u00e1mite ninguna iniciativa de este tipo, y remarc\u00f3 que este tipo de versiones solo buscan \u201cgenerar un mal clima\u201d en un contexto electoral.<\/p>\n<p>El viceministro Canals lament\u00f3 la circulaci\u00f3n de estas versiones infundadas e insisti\u00f3 que no existe ning\u00fan plan oficial para modificar el r\u00e9gimen jubilatorio del personal policial.<\/p>\n","protected":false},"excerpt":{"rendered":"<p>Lo sostuvo el viceministro Coordinador de Gabinete, Jorge Canals, al desmentir categ\u00f3ricamente la presentaci\u00f3n de&#8230;<\/p>\n","protected":false},"author":1,"featured_media":53934,"comment_status":"closed","ping_status":"closed","sticky":false,"template":"","format":"standard","meta":{"footnotes":""},"categories":[3],"tags":[],"class_list":["post-53933","post","type-post","status-publish","format-standard","has-post-thumbnail","hentry","category-noticias"],"jetpack_featured_media_url":"https:\/\/hablemosclarotdf.com.ar\/wp-content\/uploads\/2025\/10\/photo_2025-10-08_22-22-51.jpg","_links":{"self":[{"href":"https:\/\/hablemosclarotdf.com.ar\/index.php?rest_route=\/wp\/v2\/posts\/53933","targetHints":{"allow":["GET"]}}],"collection":[{"href":"https:\/\/hablemosclarotdf.com.ar\/index.php?rest_route=\/wp\/v2\/posts"}],"about":[{"href":"https:\/\/hablemosclarotdf.com.ar\/index.php?rest_route=\/wp\/v2\/types\/post"}],"author":[{"embeddable":true,"href":"https:\/\/hablemosclarotdf.com.ar\/index.php?rest_route=\/wp\/v2\/users\/1"}],"replies":[{"embeddable":true,"href":"https:\/\/hablemosclarotdf.com.ar\/index.php?rest_route=%2Fwp%2Fv2%2Fcomments&post=53933"}],"version-history":[{"count":1,"href":"https:\/\/hablemosclarotdf.com.ar\/index.php?rest_route=\/wp\/v2\/posts\/53933\/revisions"}],"predecessor-version":[{"id":53935,"href":"https:\/\/hablemosclarotdf.com.ar\/index.php?rest_route=\/wp\/v2\/posts\/53933\/revisions\/53935"}],"wp:featuredmedia":[{"embeddable":true,"href":"https:\/\/hablemosclarotdf.com.ar\/index.php?rest_route=\/wp\/v2\/media\/53934"}],"wp:attachment":[{"href":"https:\/\/hablemosclarotdf.com.ar\/index.php?rest_route=%2Fwp%2Fv2%2Fmedia&parent=53933"}],"wp:term":[{"taxonomy":"category","embeddable":true,"href":"https:\/\/hablemosclarotdf.com.ar\/index.php?rest_route=%2Fwp%2Fv2%2Fcategories&post=53933"},{"taxonomy":"post_tag","embeddable":true,"href":"https:\/\/hablemosclarotdf.com.ar\/index.php?rest_route=%2Fwp%2Fv2%2Ftags&post=53933"}],"curies":[{"name":"wp","href":"https:\/\/api.w.org\/{rel}","templated":true}]}}