{"id":53930,"date":"2025-10-08T22:21:11","date_gmt":"2025-10-09T01:21:11","guid":{"rendered":"https:\/\/hablemosclarotdf.com.ar\/?p=53930"},"modified":"2025-10-08T22:21:11","modified_gmt":"2025-10-09T01:21:11","slug":"rio-grande-este-jueves-rige-alerta-amarilla-por-fuertes-vientos-2","status":"publish","type":"post","link":"https:\/\/hablemosclarotdf.com.ar\/?p=53930","title":{"rendered":"RIO GRANDE : ESTE JUEVES RIGE ALERTA AMARILLA POR FUERTES VIENTOS"},"content":{"rendered":"<p>El Municipio informa a la comunidad que, este jueves 9 de octubre, regir\u00e1 una alerta amarilla por vientos intensos, emitida por el Servicio Meteorol\u00f3gico Nacional. R\u00edo Grande se ver\u00e1 afectada por r\u00e1fagas que podr\u00edan superar los 80 km\/h; las cuales comenzar\u00e1n a partir del mediod\u00eda extendi\u00e9ndose hasta la madrugada del viernes.<\/p>\n<p>En virtud de ello, se solicita a los vecinos y vecinas evitar actividades al aire libre, asegurar los elementos de sus propiedades y respetar los horarios de recolecci\u00f3n de residuos para evitar posibles situaciones de peligro.<\/p>\n<p>A su vez, se recomienda circular con precauci\u00f3n y consultar previamente si est\u00e1n dadas las condiciones para transitar de forma segura en la ruta.<\/p>\n<p>Ante cualquier inconveniente y\/o emergencia pueden comunicarse con Defensa Civil Municipal mediante la l\u00ednea 103 de emergencia.<\/p>\n","protected":false},"excerpt":{"rendered":"<p>El Municipio informa a la comunidad que, este jueves 9 de octubre, regir\u00e1 una alerta&#8230;<\/p>\n","protected":false},"author":1,"featured_media":53931,"comment_status":"closed","ping_status":"closed","sticky":false,"template":"","format":"standard","meta":{"footnotes":""},"categories":[3],"tags":[],"class_list":["post-53930","post","type-post","status-publish","format-standard","has-post-thumbnail","hentry","category-noticias"],"jetpack_featured_media_url":"https:\/\/hablemosclarotdf.com.ar\/wp-content\/uploads\/2025\/10\/photo_2025-10-08_22-20-16.jpg","_links":{"self":[{"href":"https:\/\/hablemosclarotdf.com.ar\/index.php?rest_route=\/wp\/v2\/posts\/53930","targetHints":{"allow":["GET"]}}],"collection":[{"href":"https:\/\/hablemosclarotdf.com.ar\/index.php?rest_route=\/wp\/v2\/posts"}],"about":[{"href":"https:\/\/hablemosclarotdf.com.ar\/index.php?rest_route=\/wp\/v2\/types\/post"}],"author":[{"embeddable":true,"href":"https:\/\/hablemosclarotdf.com.ar\/index.php?rest_route=\/wp\/v2\/users\/1"}],"replies":[{"embeddable":true,"href":"https:\/\/hablemosclarotdf.com.ar\/index.php?rest_route=%2Fwp%2Fv2%2Fcomments&post=53930"}],"version-history":[{"count":1,"href":"https:\/\/hablemosclarotdf.com.ar\/index.php?rest_route=\/wp\/v2\/posts\/53930\/revisions"}],"predecessor-version":[{"id":53932,"href":"https:\/\/hablemosclarotdf.com.ar\/index.php?rest_route=\/wp\/v2\/posts\/53930\/revisions\/53932"}],"wp:featuredmedia":[{"embeddable":true,"href":"https:\/\/hablemosclarotdf.com.ar\/index.php?rest_route=\/wp\/v2\/media\/53931"}],"wp:attachment":[{"href":"https:\/\/hablemosclarotdf.com.ar\/index.php?rest_route=%2Fwp%2Fv2%2Fmedia&parent=53930"}],"wp:term":[{"taxonomy":"category","embeddable":true,"href":"https:\/\/hablemosclarotdf.com.ar\/index.php?rest_route=%2Fwp%2Fv2%2Fcategories&post=53930"},{"taxonomy":"post_tag","embeddable":true,"href":"https:\/\/hablemosclarotdf.com.ar\/index.php?rest_route=%2Fwp%2Fv2%2Ftags&post=53930"}],"curies":[{"name":"wp","href":"https:\/\/api.w.org\/{rel}","templated":true}]}}