{"id":53871,"date":"2025-10-08T18:22:57","date_gmt":"2025-10-08T21:22:57","guid":{"rendered":"https:\/\/hablemosclarotdf.com.ar\/?p=53871"},"modified":"2025-10-08T18:22:57","modified_gmt":"2025-10-08T21:22:57","slug":"agustin-tita-la-voz-de-los-estudiantes-es-fundamental-para-construir-la-educacion-que-merecen","status":"publish","type":"post","link":"https:\/\/hablemosclarotdf.com.ar\/?p=53871","title":{"rendered":"AGUST\u00cdN TITA: \u201cLA VOZ DE LOS ESTUDIANTES ES FUNDAMENTAL PARA CONSTRUIR LA EDUCACI\u00d3N QUE MERECEN\u201d"},"content":{"rendered":"<p>El ministro Jefe de Gabinete valor\u00f3 la realizaci\u00f3n de la segunda edici\u00f3n del Congreso Provincial de Estudiantes, que reuni\u00f3 a m\u00e1s de 2300 estudiantes de secundarios de R\u00edo Grande, Ushuaia y Tolhuin. Resalt\u00f3 el rol protag\u00f3nico de las nuevas generaciones en la transformaci\u00f3n educativa y social de Tierra del Fuego.<\/p>\n<p>Con gran entusiasmo, se llev\u00f3 a cabo la segunda edici\u00f3n del Congreso Provincial de Estudiantes, un espacio donde j\u00f3venes de colegios secundarios p\u00fablicos y privados de R\u00edo Grande, Ushuaia y Tolhuin se reunieron para debatir y construir colectivamente la educaci\u00f3n que quieren y merecen. Al respecto, el ministro Jefe de Gabinete, Agust\u00edn Tita elogi\u00f3 la iniciativa y destac\u00f3 el profundo compromiso mostrado por los participantes.<\/p>\n<p>En sus declaraciones, Tita se refiri\u00f3 al Congreso como una parte central del proyecto de transformaci\u00f3n educativa impulsado por el Gobierno provincial, dise\u00f1ado para fortalecer la participaci\u00f3n estudiantil y reafirmar el compromiso con una educaci\u00f3n p\u00fablica de calidad. \u201cEstos espacios no son un mero tr\u00e1mite; son la materializaci\u00f3n de una convicci\u00f3n: que los estudiantes deben ser los protagonistas de su propio futuro educativo\u201d, afirm\u00f3.<\/p>\n<p>\u201cEl compromiso que han demostrado nuestros j\u00f3venes es sencillamente admirable. Verlos debatir, proponer y trabajar juntos por una educaci\u00f3n mejor es una inyecci\u00f3n de esperanza para toda la provincia\u201d, expres\u00f3 Tita. \u201cEllos no son el futuro lejano; son el presente activo y tienen una lucidez extraordinaria para diagnosticar los desaf\u00edos e imaginar las soluciones\u201d.<\/p>\n<p>El funcionario provincial hizo hincapi\u00e9 en la importancia fundamental que los estudiantes hagan escuchar su voz. \u201cEn un mundo que a menudo los subestima, es vital crear estos espacios donde sus ideas sean no solo escuchadas, sino incorporadas en las pol\u00edticas p\u00fablicas. La educaci\u00f3n que queremos construir no puede ser dise\u00f1ada sin ellos. Su voz es el term\u00f3metro m\u00e1s fiel de la realidad y la br\u00fajula que debe guiar la transformaci\u00f3n del sistema\u201d, asegur\u00f3.<\/p>\n<p>Finalmente, Tita concluy\u00f3 reflexionando sobre el impacto que este tipo de iniciativas tiene en la sociedad. \u201cCuando fortalecemos la participaci\u00f3n estudiantil, no solo estamos mejorando la educaci\u00f3n; estamos fortaleciendo nuestra democracia y construyendo una sociedad m\u00e1s justa e inclusiva. Estos j\u00f3venes nos est\u00e1n dando una lecci\u00f3n de ciudadan\u00eda, responsabilidad y compromiso colectivo. Nuestro rol es acompa\u00f1arlos y garantizar que su voz siga resonando con fuerza en cada decisi\u00f3n que tomemos\u201d.<\/p>\n<p><img loading=\"lazy\" decoding=\"async\" class=\"alignnone size-medium wp-image-53873\" src=\"https:\/\/hablemosclarotdf.com.ar\/wp-content\/uploads\/2025\/10\/photo_2025-10-08_18-22-10-300x200.jpg\" alt=\"\" width=\"300\" height=\"200\" srcset=\"https:\/\/hablemosclarotdf.com.ar\/wp-content\/uploads\/2025\/10\/photo_2025-10-08_18-22-10-300x200.jpg 300w, https:\/\/hablemosclarotdf.com.ar\/wp-content\/uploads\/2025\/10\/photo_2025-10-08_18-22-10-1024x684.jpg 1024w, https:\/\/hablemosclarotdf.com.ar\/wp-content\/uploads\/2025\/10\/photo_2025-10-08_18-22-10-768x513.jpg 768w, https:\/\/hablemosclarotdf.com.ar\/wp-content\/uploads\/2025\/10\/photo_2025-10-08_18-22-10.jpg 1280w\" sizes=\"auto, (max-width: 300px) 100vw, 300px\" \/><\/p>\n","protected":false},"excerpt":{"rendered":"<p>El ministro Jefe de Gabinete valor\u00f3 la realizaci\u00f3n de la segunda edici\u00f3n del Congreso Provincial&#8230;<\/p>\n","protected":false},"author":1,"featured_media":53872,"comment_status":"closed","ping_status":"closed","sticky":false,"template":"","format":"standard","meta":{"footnotes":""},"categories":[3],"tags":[],"class_list":["post-53871","post","type-post","status-publish","format-standard","has-post-thumbnail","hentry","category-noticias"],"jetpack_featured_media_url":"https:\/\/hablemosclarotdf.com.ar\/wp-content\/uploads\/2025\/10\/photo_2025-10-08_18-22-06.jpg","_links":{"self":[{"href":"https:\/\/hablemosclarotdf.com.ar\/index.php?rest_route=\/wp\/v2\/posts\/53871","targetHints":{"allow":["GET"]}}],"collection":[{"href":"https:\/\/hablemosclarotdf.com.ar\/index.php?rest_route=\/wp\/v2\/posts"}],"about":[{"href":"https:\/\/hablemosclarotdf.com.ar\/index.php?rest_route=\/wp\/v2\/types\/post"}],"author":[{"embeddable":true,"href":"https:\/\/hablemosclarotdf.com.ar\/index.php?rest_route=\/wp\/v2\/users\/1"}],"replies":[{"embeddable":true,"href":"https:\/\/hablemosclarotdf.com.ar\/index.php?rest_route=%2Fwp%2Fv2%2Fcomments&post=53871"}],"version-history":[{"count":1,"href":"https:\/\/hablemosclarotdf.com.ar\/index.php?rest_route=\/wp\/v2\/posts\/53871\/revisions"}],"predecessor-version":[{"id":53874,"href":"https:\/\/hablemosclarotdf.com.ar\/index.php?rest_route=\/wp\/v2\/posts\/53871\/revisions\/53874"}],"wp:featuredmedia":[{"embeddable":true,"href":"https:\/\/hablemosclarotdf.com.ar\/index.php?rest_route=\/wp\/v2\/media\/53872"}],"wp:attachment":[{"href":"https:\/\/hablemosclarotdf.com.ar\/index.php?rest_route=%2Fwp%2Fv2%2Fmedia&parent=53871"}],"wp:term":[{"taxonomy":"category","embeddable":true,"href":"https:\/\/hablemosclarotdf.com.ar\/index.php?rest_route=%2Fwp%2Fv2%2Fcategories&post=53871"},{"taxonomy":"post_tag","embeddable":true,"href":"https:\/\/hablemosclarotdf.com.ar\/index.php?rest_route=%2Fwp%2Fv2%2Ftags&post=53871"}],"curies":[{"name":"wp","href":"https:\/\/api.w.org\/{rel}","templated":true}]}}