{"id":53853,"date":"2025-10-08T18:09:59","date_gmt":"2025-10-08T21:09:59","guid":{"rendered":"https:\/\/hablemosclarotdf.com.ar\/?p=53853"},"modified":"2025-10-08T18:09:59","modified_gmt":"2025-10-08T21:09:59","slug":"emprendemos-desde-el-sur-artistas-se-suman-a-mas-de-200-emprendedores-este-viernes-en-ushuaia","status":"publish","type":"post","link":"https:\/\/hablemosclarotdf.com.ar\/?p=53853","title":{"rendered":"\u201cEMPRENDEMOS DESDE EL SUR\u201d: ARTISTAS SE SUMAN A M\u00c1S DE 200 EMPRENDEDORES ESTE VIERNES EN USHUAIA"},"content":{"rendered":"<p>Con la participaci\u00f3n de emprendedores de las tres ciudades fueguinas se llevar\u00e1 a cabo el pr\u00f3ximo viernes 10 de octubre de 12 a 17 h. la feria \u2018Emprendemos desde el sur\u2019 en el play\u00f3n de estacionamiento del Puerto de Ushuaia.<\/p>\n<p>La iniciativa es el resultado de un trabajo en conjunto del Gobierno provincial y la Municipalidad de Ushuaia, con el objetivo de brindar un espacio a m\u00e1s de 200 emprendedores locales de distintos rubros. Tambi\u00e9n se suman las propuestas gastron\u00f3micas y una grilla de actividades art\u00edsticas.<\/p>\n<p>Sobre esto, la titular de la Secretar\u00eda de Econom\u00eda Popular del Gobierno provincial, Cecilia Rojo, manifest\u00f3 que \u201cconcretamos una acci\u00f3n que desde hace un tiempo venimos pensando en articulaci\u00f3n con el Municipio de Ushuaia\u201d y agreg\u00f3: \u201cEl trabajo articulado nos permite optimizar recursos y a su vez potenciar esta herramienta de comercializaci\u00f3n y promoci\u00f3n para los emprendedores de la provincia que tanto necesitan de estos espacios\u201d.<\/p>\n<p>\u201cSeguimos apostando al emprendedurismo y a la econom\u00eda popular como una herramienta genuina para la generaci\u00f3n de ingresos, brindando oportunidades para la comunidad emprendedora de Tierra del Fuego\u201d, finaliz\u00f3.<\/p>\n<p>CRONOGRAMA ART\u00cdSTICO<\/p>\n<p>12 h. Banda Municipal<\/p>\n<p>14 h. Grupo de Danzas Folcl\u00f3ricas \u201cNuestro Legado\u201d<br \/>\nProfesores: Nicol\u00e1s Zapata y C\u00e9sar Cona<\/p>\n<p>15:00 h. Academia de Baile \u201cDistrito Urbano\u201d<br \/>\nProfesora: Oriana S\u00e1nchez<\/p>\n<p>16. Academia de Baile \u201cNew Dance\u201d<br \/>\nProfesora: Aldana G\u00f3mez<\/p>\n","protected":false},"excerpt":{"rendered":"<p>Con la participaci\u00f3n de emprendedores de las tres ciudades fueguinas se llevar\u00e1 a cabo el&#8230;<\/p>\n","protected":false},"author":1,"featured_media":53854,"comment_status":"closed","ping_status":"closed","sticky":false,"template":"","format":"standard","meta":{"footnotes":""},"categories":[3],"tags":[],"class_list":["post-53853","post","type-post","status-publish","format-standard","has-post-thumbnail","hentry","category-noticias"],"jetpack_featured_media_url":"https:\/\/hablemosclarotdf.com.ar\/wp-content\/uploads\/2025\/10\/photo_2025-10-08_18-09-07.jpg","_links":{"self":[{"href":"https:\/\/hablemosclarotdf.com.ar\/index.php?rest_route=\/wp\/v2\/posts\/53853","targetHints":{"allow":["GET"]}}],"collection":[{"href":"https:\/\/hablemosclarotdf.com.ar\/index.php?rest_route=\/wp\/v2\/posts"}],"about":[{"href":"https:\/\/hablemosclarotdf.com.ar\/index.php?rest_route=\/wp\/v2\/types\/post"}],"author":[{"embeddable":true,"href":"https:\/\/hablemosclarotdf.com.ar\/index.php?rest_route=\/wp\/v2\/users\/1"}],"replies":[{"embeddable":true,"href":"https:\/\/hablemosclarotdf.com.ar\/index.php?rest_route=%2Fwp%2Fv2%2Fcomments&post=53853"}],"version-history":[{"count":1,"href":"https:\/\/hablemosclarotdf.com.ar\/index.php?rest_route=\/wp\/v2\/posts\/53853\/revisions"}],"predecessor-version":[{"id":53855,"href":"https:\/\/hablemosclarotdf.com.ar\/index.php?rest_route=\/wp\/v2\/posts\/53853\/revisions\/53855"}],"wp:featuredmedia":[{"embeddable":true,"href":"https:\/\/hablemosclarotdf.com.ar\/index.php?rest_route=\/wp\/v2\/media\/53854"}],"wp:attachment":[{"href":"https:\/\/hablemosclarotdf.com.ar\/index.php?rest_route=%2Fwp%2Fv2%2Fmedia&parent=53853"}],"wp:term":[{"taxonomy":"category","embeddable":true,"href":"https:\/\/hablemosclarotdf.com.ar\/index.php?rest_route=%2Fwp%2Fv2%2Fcategories&post=53853"},{"taxonomy":"post_tag","embeddable":true,"href":"https:\/\/hablemosclarotdf.com.ar\/index.php?rest_route=%2Fwp%2Fv2%2Ftags&post=53853"}],"curies":[{"name":"wp","href":"https:\/\/api.w.org\/{rel}","templated":true}]}}