{"id":53850,"date":"2025-10-08T18:07:33","date_gmt":"2025-10-08T21:07:33","guid":{"rendered":"https:\/\/hablemosclarotdf.com.ar\/?p=53850"},"modified":"2025-10-08T18:07:33","modified_gmt":"2025-10-08T21:07:33","slug":"la-tolhuinense-umma-machado-rumbo-al-campeonato-mundial-de-taekwon-do-itfu","status":"publish","type":"post","link":"https:\/\/hablemosclarotdf.com.ar\/?p=53850","title":{"rendered":"LA TOLHUINENSE UMMA MACHADO, RUMBO AL CAMPEONATO MUNDIAL DE TAEKWON-DO ITFU"},"content":{"rendered":"<p>Del 9 al 12 de octubre de 2025, la ciudad de Buenos Aires se convertir\u00e1 en el epicentro del Taekwon-Do internacional con la llegada del Campeonato Mundial ITFU Argentina 2025. Organizado por la International Taekwon-Do Federation Union (ITFU), el evento contar\u00e1 con la participaci\u00f3n de la atleta tolhuinense Umma Machado, quien competir\u00e1 en la categor\u00eda I Dan, de 50 a 55 kg.<\/p>\n<p>El Mundial reunir\u00e1 a representantes de m\u00e1s de 21 pa\u00edses en todas las categor\u00edas, desde cadetes hasta veteranos, incluyendo cinturones de colores y cinturones negros. Las modalidades en competencia ser\u00e1n formas, lucha, rotura de poder, t\u00e9cnicas especiales y Taekwon-Do Adaptado, reflejando la diversidad y el alcance global de esta disciplina.<\/p>\n<p>El escenario elegido ser\u00e1 el Microestadio Cubierto Malvinas Argentinas, con capacidad para 10.000 espectadores, ubicado en el coraz\u00f3n del barrio de La Paternal. Adem\u00e1s de la competencia, el evento se convertir\u00e1 en un punto de encuentro para entrenadores, \u00e1rbitros y delegaciones de todo el mundo, reafirmando el esp\u00edritu de unidad, respeto y excelencia que distingue a la ITFU.<\/p>\n","protected":false},"excerpt":{"rendered":"<p>Del 9 al 12 de octubre de 2025, la ciudad de Buenos Aires se convertir\u00e1&#8230;<\/p>\n","protected":false},"author":1,"featured_media":53851,"comment_status":"closed","ping_status":"closed","sticky":false,"template":"","format":"standard","meta":{"footnotes":""},"categories":[3],"tags":[],"class_list":["post-53850","post","type-post","status-publish","format-standard","has-post-thumbnail","hentry","category-noticias"],"jetpack_featured_media_url":"https:\/\/hablemosclarotdf.com.ar\/wp-content\/uploads\/2025\/10\/photo_2025-10-08_18-06-52.jpg","_links":{"self":[{"href":"https:\/\/hablemosclarotdf.com.ar\/index.php?rest_route=\/wp\/v2\/posts\/53850","targetHints":{"allow":["GET"]}}],"collection":[{"href":"https:\/\/hablemosclarotdf.com.ar\/index.php?rest_route=\/wp\/v2\/posts"}],"about":[{"href":"https:\/\/hablemosclarotdf.com.ar\/index.php?rest_route=\/wp\/v2\/types\/post"}],"author":[{"embeddable":true,"href":"https:\/\/hablemosclarotdf.com.ar\/index.php?rest_route=\/wp\/v2\/users\/1"}],"replies":[{"embeddable":true,"href":"https:\/\/hablemosclarotdf.com.ar\/index.php?rest_route=%2Fwp%2Fv2%2Fcomments&post=53850"}],"version-history":[{"count":1,"href":"https:\/\/hablemosclarotdf.com.ar\/index.php?rest_route=\/wp\/v2\/posts\/53850\/revisions"}],"predecessor-version":[{"id":53852,"href":"https:\/\/hablemosclarotdf.com.ar\/index.php?rest_route=\/wp\/v2\/posts\/53850\/revisions\/53852"}],"wp:featuredmedia":[{"embeddable":true,"href":"https:\/\/hablemosclarotdf.com.ar\/index.php?rest_route=\/wp\/v2\/media\/53851"}],"wp:attachment":[{"href":"https:\/\/hablemosclarotdf.com.ar\/index.php?rest_route=%2Fwp%2Fv2%2Fmedia&parent=53850"}],"wp:term":[{"taxonomy":"category","embeddable":true,"href":"https:\/\/hablemosclarotdf.com.ar\/index.php?rest_route=%2Fwp%2Fv2%2Fcategories&post=53850"},{"taxonomy":"post_tag","embeddable":true,"href":"https:\/\/hablemosclarotdf.com.ar\/index.php?rest_route=%2Fwp%2Fv2%2Ftags&post=53850"}],"curies":[{"name":"wp","href":"https:\/\/api.w.org\/{rel}","templated":true}]}}