{"id":53840,"date":"2025-10-08T17:48:32","date_gmt":"2025-10-08T20:48:32","guid":{"rendered":"https:\/\/hablemosclarotdf.com.ar\/?p=53840"},"modified":"2025-10-08T17:48:32","modified_gmt":"2025-10-08T20:48:32","slug":"rio-grande-con-entrega-de-licencias-culmino-el-programa-mujeres-al-volante","status":"publish","type":"post","link":"https:\/\/hablemosclarotdf.com.ar\/?p=53840","title":{"rendered":"RIO GRANDE : CON ENTREGA DE LICENCIAS, CULMIN\u00d3 EL PROGRAMA \u201cMUJERES AL VOLANTE\u201d"},"content":{"rendered":"<p>La propuesta convoc\u00f3 a 40 vecinas riograndenses. El objetivo es promover la autonom\u00eda personal y laboral de las mujeres y de las personas del colectivo LGBTI+ para que todos y todas tengan acceso a la formaci\u00f3n e inserci\u00f3n laboral en nuestra ciudad.<\/p>\n<p>A trav\u00e9s del trabajo conjunto entre las Secretar\u00edas de G\u00e9nero y Desarrollo Comunitario y de Gesti\u00f3n Ciudadana, el Municipio de R\u00edo Grande llev\u00f3 adelante la primera edici\u00f3n del \u201cCurso de Conducci\u00f3n Vehicular: Mujeres al Volante\u201d.<\/p>\n<p>De la capacitaci\u00f3n te\u00f3rico-pr\u00e1ctica participaron 40 mujeres, aquellas que aprobaron el examen te\u00f3rico de educaci\u00f3n vial continuaron con el proceso, rindiendo el examen pr\u00e1ctico en dos instancias. Al concluir la formaci\u00f3n, las participantes que aprobaron la evaluaci\u00f3n te\u00f3rica y pr\u00e1ctica, obtuvieron su Licencia Nacional de Conducir.<\/p>\n<p>Es importante destacar que, durante el programa, las participantes realizaron pr\u00e1cticas guiadas por instructores, recibieron un curso de primeros auxilios -a cargo del personal de Defensa Civil- y otro sobre mec\u00e1nica b\u00e1sica donde revisaron los fluidos (aceite, l\u00edquido de freno, l\u00edquido hidr\u00e1ulico, l\u00edquido refrigerante, recinto de agua); exhibici\u00f3n del interior y exterior del veh\u00edculo; cambio de neum\u00e1tico y rueda de auxilio; lectura de tablero y posicionamiento en el habit\u00e1culo; as\u00ed como conocimiento conducci\u00f3n general: pedales, cambios, utilizaci\u00f3n de luces obligatorias y espejos retrovisores.<\/p>\n<p>En este marco, el d\u00eda lunes, el Municipio realiz\u00f3 el acto de entrega de las respectivas licencias, as\u00ed como de los certificados a todas las vecinas que participaron, garantizando que cada una cuente con una constancia de dicha formaci\u00f3n.<\/p>\n<p>Esta pol\u00edtica p\u00fablica, impulsada desde una perspectiva de g\u00e9nero y derechos, busca derribar las barreras hist\u00f3ricas de acceso a la conducci\u00f3n, un \u00e1mbito tradicionalmente masculinizado, apostando a generar mayores niveles de igualdad y autonom\u00eda para todas las vecinas de la ciudad.<\/p>\n<p>El Municipio de R\u00edo Grande contin\u00faa generando oportunidades concretas de formaci\u00f3n, capacitaci\u00f3n e inserci\u00f3n, para seguir construyendo una ciudad m\u00e1s justa e igualitaria.<\/p>\n<p><img loading=\"lazy\" decoding=\"async\" class=\"alignnone size-medium wp-image-53842\" src=\"https:\/\/hablemosclarotdf.com.ar\/wp-content\/uploads\/2025\/10\/photo_2025-10-08_17-46-50-300x200.jpg\" alt=\"\" width=\"300\" height=\"200\" srcset=\"https:\/\/hablemosclarotdf.com.ar\/wp-content\/uploads\/2025\/10\/photo_2025-10-08_17-46-50-300x200.jpg 300w, https:\/\/hablemosclarotdf.com.ar\/wp-content\/uploads\/2025\/10\/photo_2025-10-08_17-46-50-1024x682.jpg 1024w, https:\/\/hablemosclarotdf.com.ar\/wp-content\/uploads\/2025\/10\/photo_2025-10-08_17-46-50-768x511.jpg 768w, https:\/\/hablemosclarotdf.com.ar\/wp-content\/uploads\/2025\/10\/photo_2025-10-08_17-46-50.jpg 1280w\" sizes=\"auto, (max-width: 300px) 100vw, 300px\" \/> <img loading=\"lazy\" decoding=\"async\" class=\"alignnone size-medium wp-image-53843\" src=\"https:\/\/hablemosclarotdf.com.ar\/wp-content\/uploads\/2025\/10\/photo_2025-10-08_17-47-02-300x200.jpg\" alt=\"\" width=\"300\" height=\"200\" srcset=\"https:\/\/hablemosclarotdf.com.ar\/wp-content\/uploads\/2025\/10\/photo_2025-10-08_17-47-02-300x200.jpg 300w, https:\/\/hablemosclarotdf.com.ar\/wp-content\/uploads\/2025\/10\/photo_2025-10-08_17-47-02-1024x682.jpg 1024w, https:\/\/hablemosclarotdf.com.ar\/wp-content\/uploads\/2025\/10\/photo_2025-10-08_17-47-02-768x511.jpg 768w, https:\/\/hablemosclarotdf.com.ar\/wp-content\/uploads\/2025\/10\/photo_2025-10-08_17-47-02.jpg 1280w\" sizes=\"auto, (max-width: 300px) 100vw, 300px\" \/> <img loading=\"lazy\" decoding=\"async\" class=\"alignnone size-medium wp-image-53844\" src=\"https:\/\/hablemosclarotdf.com.ar\/wp-content\/uploads\/2025\/10\/photo_2025-10-08_17-46-58-300x200.jpg\" alt=\"\" width=\"300\" height=\"200\" srcset=\"https:\/\/hablemosclarotdf.com.ar\/wp-content\/uploads\/2025\/10\/photo_2025-10-08_17-46-58-300x200.jpg 300w, https:\/\/hablemosclarotdf.com.ar\/wp-content\/uploads\/2025\/10\/photo_2025-10-08_17-46-58-1024x682.jpg 1024w, https:\/\/hablemosclarotdf.com.ar\/wp-content\/uploads\/2025\/10\/photo_2025-10-08_17-46-58-768x511.jpg 768w, https:\/\/hablemosclarotdf.com.ar\/wp-content\/uploads\/2025\/10\/photo_2025-10-08_17-46-58.jpg 1280w\" sizes=\"auto, (max-width: 300px) 100vw, 300px\" \/> <img loading=\"lazy\" decoding=\"async\" class=\"alignnone size-medium wp-image-53845\" src=\"https:\/\/hablemosclarotdf.com.ar\/wp-content\/uploads\/2025\/10\/photo_2025-10-08_17-46-54-300x200.jpg\" alt=\"\" width=\"300\" height=\"200\" srcset=\"https:\/\/hablemosclarotdf.com.ar\/wp-content\/uploads\/2025\/10\/photo_2025-10-08_17-46-54-300x200.jpg 300w, https:\/\/hablemosclarotdf.com.ar\/wp-content\/uploads\/2025\/10\/photo_2025-10-08_17-46-54-1024x682.jpg 1024w, https:\/\/hablemosclarotdf.com.ar\/wp-content\/uploads\/2025\/10\/photo_2025-10-08_17-46-54-768x511.jpg 768w, https:\/\/hablemosclarotdf.com.ar\/wp-content\/uploads\/2025\/10\/photo_2025-10-08_17-46-54.jpg 1280w\" sizes=\"auto, (max-width: 300px) 100vw, 300px\" \/><\/p>\n","protected":false},"excerpt":{"rendered":"<p>La propuesta convoc\u00f3 a 40 vecinas riograndenses. El objetivo es promover la autonom\u00eda personal y&#8230;<\/p>\n","protected":false},"author":1,"featured_media":53841,"comment_status":"closed","ping_status":"closed","sticky":false,"template":"","format":"standard","meta":{"footnotes":""},"categories":[3],"tags":[],"class_list":["post-53840","post","type-post","status-publish","format-standard","has-post-thumbnail","hentry","category-noticias"],"jetpack_featured_media_url":"https:\/\/hablemosclarotdf.com.ar\/wp-content\/uploads\/2025\/10\/photo_2025-10-08_17-46-46.jpg","_links":{"self":[{"href":"https:\/\/hablemosclarotdf.com.ar\/index.php?rest_route=\/wp\/v2\/posts\/53840","targetHints":{"allow":["GET"]}}],"collection":[{"href":"https:\/\/hablemosclarotdf.com.ar\/index.php?rest_route=\/wp\/v2\/posts"}],"about":[{"href":"https:\/\/hablemosclarotdf.com.ar\/index.php?rest_route=\/wp\/v2\/types\/post"}],"author":[{"embeddable":true,"href":"https:\/\/hablemosclarotdf.com.ar\/index.php?rest_route=\/wp\/v2\/users\/1"}],"replies":[{"embeddable":true,"href":"https:\/\/hablemosclarotdf.com.ar\/index.php?rest_route=%2Fwp%2Fv2%2Fcomments&post=53840"}],"version-history":[{"count":1,"href":"https:\/\/hablemosclarotdf.com.ar\/index.php?rest_route=\/wp\/v2\/posts\/53840\/revisions"}],"predecessor-version":[{"id":53846,"href":"https:\/\/hablemosclarotdf.com.ar\/index.php?rest_route=\/wp\/v2\/posts\/53840\/revisions\/53846"}],"wp:featuredmedia":[{"embeddable":true,"href":"https:\/\/hablemosclarotdf.com.ar\/index.php?rest_route=\/wp\/v2\/media\/53841"}],"wp:attachment":[{"href":"https:\/\/hablemosclarotdf.com.ar\/index.php?rest_route=%2Fwp%2Fv2%2Fmedia&parent=53840"}],"wp:term":[{"taxonomy":"category","embeddable":true,"href":"https:\/\/hablemosclarotdf.com.ar\/index.php?rest_route=%2Fwp%2Fv2%2Fcategories&post=53840"},{"taxonomy":"post_tag","embeddable":true,"href":"https:\/\/hablemosclarotdf.com.ar\/index.php?rest_route=%2Fwp%2Fv2%2Ftags&post=53840"}],"curies":[{"name":"wp","href":"https:\/\/api.w.org\/{rel}","templated":true}]}}