{"id":53826,"date":"2025-10-08T17:39:26","date_gmt":"2025-10-08T20:39:26","guid":{"rendered":"https:\/\/hablemosclarotdf.com.ar\/?p=53826"},"modified":"2025-10-08T17:39:26","modified_gmt":"2025-10-08T20:39:26","slug":"ushuaia-la-municipalidad-acompanara-este-sabado-18-de-octubre-la-tercera-edicion-del-encuentro-de-danzas-folcloricas-argentinas","status":"publish","type":"post","link":"https:\/\/hablemosclarotdf.com.ar\/?p=53826","title":{"rendered":"USHUAIA : LA MUNICIPALIDAD  ACOMPA\u00d1AR\u00c1 ESTE S\u00c1BADO 18 DE OCTUBRE LA TERCERA EDICI\u00d3N DEL \u201cENCUENTRO DE DANZAS FOLCL\u00d3RICAS ARGENTINAS\u201d"},"content":{"rendered":"<p>La propuesta comenzar\u00e1 a las 21:00 horas en el Centro Cultural Esther Fadul<\/p>\n<p>La Secretar\u00eda de Cultura y Educaci\u00f3n de la Municipalidad de Ushuaia acompa\u00f1ar\u00e1 este s\u00e1bado 18 de octubre a las 21:00 horas en el Centro Cultural Esther Fadul la tercera edici\u00f3n del \u201cEncuentro de Danzas Folcl\u00f3ricas Argentinas\u201d impulsado por el programa radial \u201cLa Pe\u00f1a de Argentina\u201d.<br \/>\nLa propuesta, que ser\u00e1 con entrada libre y gratuita, contar\u00e1 con la presentaci\u00f3n de espect\u00e1culos de danza de los grupos Ballet Mayor Municipal Folklore en Zapatillas, Roc\u00edo Arce y Cristian Ojeda, Nativos Fueguinos, Sembrando Chacareras, Escuela de Danzas Folkl\u00f3ricas Argentinas Tierra Gaucha, Grupo de Danzas Folcl\u00f3ricas Nuestro Legado y Los Bailarines del Fin del Mundo, as\u00ed como las presentaciones musicales de Canto Alegre y Luz del Sur. Amenizando la jornada habr\u00e1 un servicio de buffet con platillos t\u00edpicos.<br \/>\nBel\u00e9n Molina, secretaria de Cultura y Educaci\u00f3n, resalt\u00f3 \u201cpoder acompa\u00f1ar esta propuesta, que exhibe ante la comunidad el gran talento fueguino, as\u00ed como la diversidad y amplitud de nuestra m\u00fasica popular y sus danzas. Desde la gesti\u00f3n municipal, entendemos como fundamental fortalecer estos espacios de encuentro y visibilizaci\u00f3n de nuestra cultura y arte, poniendo a disposici\u00f3n el Centro Cultural Esther Fadul que es de todos y todas y generando una agenda con propuestas abiertas para todas las edades\u201d.<br \/>\nPor su parte Miguel Roberto, organizador y parte del programa radial \u201cLa Pe\u00f1a de Argentina\u201d, agradeci\u00f3 \u201cel apoyo de la Municipalidad de Ushuaia, que nos permite llevar adelante esta tercera edici\u00f3n, as\u00ed como a los profesores y profesoras que suben al escenario la gran variedad de danzas con las que cuenta nuestro folclore. Para nosotros que amamos la cultura y nuestras tradiciones, es un orgullo y un placer poder hacer este tipo de eventos\u201d.<br \/>\nPara conocer m\u00e1s sobre la tercera edici\u00f3n del \u201cEncuentro de Danzas Folcl\u00f3ricas Argentinas\u201d, las y los interesados podr\u00e1n visitar las redes sociales de la Secretar\u00eda de Cultura y Educaci\u00f3n en @culturayeducacionush.<\/p>\n<p><img loading=\"lazy\" decoding=\"async\" class=\"alignnone size-medium wp-image-53828\" src=\"https:\/\/hablemosclarotdf.com.ar\/wp-content\/uploads\/2025\/10\/photo_2025-10-08_17-38-05-240x300.jpg\" alt=\"\" width=\"240\" height=\"300\" srcset=\"https:\/\/hablemosclarotdf.com.ar\/wp-content\/uploads\/2025\/10\/photo_2025-10-08_17-38-05-240x300.jpg 240w, https:\/\/hablemosclarotdf.com.ar\/wp-content\/uploads\/2025\/10\/photo_2025-10-08_17-38-05-818x1024.jpg 818w, https:\/\/hablemosclarotdf.com.ar\/wp-content\/uploads\/2025\/10\/photo_2025-10-08_17-38-05-768x961.jpg 768w, https:\/\/hablemosclarotdf.com.ar\/wp-content\/uploads\/2025\/10\/photo_2025-10-08_17-38-05.jpg 1023w\" sizes=\"auto, (max-width: 240px) 100vw, 240px\" \/><\/p>\n","protected":false},"excerpt":{"rendered":"<p>La propuesta comenzar\u00e1 a las 21:00 horas en el Centro Cultural Esther Fadul La Secretar\u00eda&#8230;<\/p>\n","protected":false},"author":1,"featured_media":53827,"comment_status":"closed","ping_status":"closed","sticky":false,"template":"","format":"standard","meta":{"footnotes":""},"categories":[3],"tags":[],"class_list":["post-53826","post","type-post","status-publish","format-standard","has-post-thumbnail","hentry","category-noticias"],"jetpack_featured_media_url":"https:\/\/hablemosclarotdf.com.ar\/wp-content\/uploads\/2025\/10\/photo_2025-10-08_17-38-00.jpg","_links":{"self":[{"href":"https:\/\/hablemosclarotdf.com.ar\/index.php?rest_route=\/wp\/v2\/posts\/53826","targetHints":{"allow":["GET"]}}],"collection":[{"href":"https:\/\/hablemosclarotdf.com.ar\/index.php?rest_route=\/wp\/v2\/posts"}],"about":[{"href":"https:\/\/hablemosclarotdf.com.ar\/index.php?rest_route=\/wp\/v2\/types\/post"}],"author":[{"embeddable":true,"href":"https:\/\/hablemosclarotdf.com.ar\/index.php?rest_route=\/wp\/v2\/users\/1"}],"replies":[{"embeddable":true,"href":"https:\/\/hablemosclarotdf.com.ar\/index.php?rest_route=%2Fwp%2Fv2%2Fcomments&post=53826"}],"version-history":[{"count":1,"href":"https:\/\/hablemosclarotdf.com.ar\/index.php?rest_route=\/wp\/v2\/posts\/53826\/revisions"}],"predecessor-version":[{"id":53829,"href":"https:\/\/hablemosclarotdf.com.ar\/index.php?rest_route=\/wp\/v2\/posts\/53826\/revisions\/53829"}],"wp:featuredmedia":[{"embeddable":true,"href":"https:\/\/hablemosclarotdf.com.ar\/index.php?rest_route=\/wp\/v2\/media\/53827"}],"wp:attachment":[{"href":"https:\/\/hablemosclarotdf.com.ar\/index.php?rest_route=%2Fwp%2Fv2%2Fmedia&parent=53826"}],"wp:term":[{"taxonomy":"category","embeddable":true,"href":"https:\/\/hablemosclarotdf.com.ar\/index.php?rest_route=%2Fwp%2Fv2%2Fcategories&post=53826"},{"taxonomy":"post_tag","embeddable":true,"href":"https:\/\/hablemosclarotdf.com.ar\/index.php?rest_route=%2Fwp%2Fv2%2Ftags&post=53826"}],"curies":[{"name":"wp","href":"https:\/\/api.w.org\/{rel}","templated":true}]}}