{"id":53804,"date":"2025-10-08T17:24:50","date_gmt":"2025-10-08T20:24:50","guid":{"rendered":"https:\/\/hablemosclarotdf.com.ar\/?p=53804"},"modified":"2025-10-08T17:24:50","modified_gmt":"2025-10-08T20:24:50","slug":"ushuaia-alerta-amarilla-por-fuertes-vientos-para-ushuaia","status":"publish","type":"post","link":"https:\/\/hablemosclarotdf.com.ar\/?p=53804","title":{"rendered":"USHUAIA : ALERTA AMARILLA POR FUERTES VIENTOS PARA USHUAIA"},"content":{"rendered":"<p>La Municipalidad de Ushuaia informa a los vecinos y vecinas que seg\u00fan el Servicio Meteorol\u00f3gico Nacional (SMN) emiti\u00f3 una alerta de aviso temprano color amarillo para la ciudad, por r\u00e1fagas de viento que podr\u00edan superar los 90 kil\u00f3metros por hora para este pr\u00f3ximo jueves y viernes por la ma\u00f1ana.<br \/>\nSeg\u00fan los reportes meteorol\u00f3gicos, se prev\u00e9 que haya vientos fuertes del sector oeste. Motivo por el cual, se solicita a la comunidad extremar las precauciones, especialmente en la circulaci\u00f3n vehicular. Se recomienda evitar desplazamientos innecesarios, conducir con m\u00e1xima prudencia y prestar especial atenci\u00f3n en zonas de monta\u00f1a o sectores con visibilidad reducida.<br \/>\nLa importancia de asegurar chapas, elementos sueltos en techos y estructuras en obra que puedan ser desplazados por el viento, a fin de prevenir riesgos para las personas y bienes.<br \/>\nDesde el municipio se recuerda la importancia de mantenerse informado a trav\u00e9s de los canales oficiales de la Municipalidad de Ushuaia y Defensa Civil. Ante cualquier emergencia, comunicarse al 103 o al 911 de Defensa Civil Municipal.<\/p>\n","protected":false},"excerpt":{"rendered":"<p>La Municipalidad de Ushuaia informa a los vecinos y vecinas que seg\u00fan el Servicio Meteorol\u00f3gico&#8230;<\/p>\n","protected":false},"author":1,"featured_media":53805,"comment_status":"closed","ping_status":"closed","sticky":false,"template":"","format":"standard","meta":{"footnotes":""},"categories":[3],"tags":[],"class_list":["post-53804","post","type-post","status-publish","format-standard","has-post-thumbnail","hentry","category-noticias"],"jetpack_featured_media_url":"https:\/\/hablemosclarotdf.com.ar\/wp-content\/uploads\/2025\/10\/photo_2025-10-08_17-24-09.jpg","_links":{"self":[{"href":"https:\/\/hablemosclarotdf.com.ar\/index.php?rest_route=\/wp\/v2\/posts\/53804","targetHints":{"allow":["GET"]}}],"collection":[{"href":"https:\/\/hablemosclarotdf.com.ar\/index.php?rest_route=\/wp\/v2\/posts"}],"about":[{"href":"https:\/\/hablemosclarotdf.com.ar\/index.php?rest_route=\/wp\/v2\/types\/post"}],"author":[{"embeddable":true,"href":"https:\/\/hablemosclarotdf.com.ar\/index.php?rest_route=\/wp\/v2\/users\/1"}],"replies":[{"embeddable":true,"href":"https:\/\/hablemosclarotdf.com.ar\/index.php?rest_route=%2Fwp%2Fv2%2Fcomments&post=53804"}],"version-history":[{"count":1,"href":"https:\/\/hablemosclarotdf.com.ar\/index.php?rest_route=\/wp\/v2\/posts\/53804\/revisions"}],"predecessor-version":[{"id":53806,"href":"https:\/\/hablemosclarotdf.com.ar\/index.php?rest_route=\/wp\/v2\/posts\/53804\/revisions\/53806"}],"wp:featuredmedia":[{"embeddable":true,"href":"https:\/\/hablemosclarotdf.com.ar\/index.php?rest_route=\/wp\/v2\/media\/53805"}],"wp:attachment":[{"href":"https:\/\/hablemosclarotdf.com.ar\/index.php?rest_route=%2Fwp%2Fv2%2Fmedia&parent=53804"}],"wp:term":[{"taxonomy":"category","embeddable":true,"href":"https:\/\/hablemosclarotdf.com.ar\/index.php?rest_route=%2Fwp%2Fv2%2Fcategories&post=53804"},{"taxonomy":"post_tag","embeddable":true,"href":"https:\/\/hablemosclarotdf.com.ar\/index.php?rest_route=%2Fwp%2Fv2%2Ftags&post=53804"}],"curies":[{"name":"wp","href":"https:\/\/api.w.org\/{rel}","templated":true}]}}