{"id":53801,"date":"2025-10-08T17:22:21","date_gmt":"2025-10-08T20:22:21","guid":{"rendered":"https:\/\/hablemosclarotdf.com.ar\/?p=53801"},"modified":"2025-10-08T17:22:21","modified_gmt":"2025-10-08T20:22:21","slug":"ushuaia-la-municipalidad-y-el-teatro-nacional-cervantes-ofreceran-una-conferencia-de-prensa-este-jueves-9-de-octubre","status":"publish","type":"post","link":"https:\/\/hablemosclarotdf.com.ar\/?p=53801","title":{"rendered":"USHUAIA : LA MUNICIPALIDAD  Y EL TEATRO NACIONAL CERVANTES OFRECER\u00c1N UNA CONFERENCIA DE PRENSA ESTE JUEVES 9 DE OCTUBRE"},"content":{"rendered":"<p>Las instituciones se presentar\u00e1n en la Sala Nin\u00ed Marshall de la Casa de la Cultura Enriqueta Gastelumendi<\/p>\n<p>La Secretar\u00eda de Cultura y Educaci\u00f3n de la Municipalidad de Ushuaia, junto al Teatro Nacional Cervantes, invita a periodistas y medios de comunicaci\u00f3n a participar de una conferencia de prensa que se realizar\u00e1 este jueves 9 de octubre a las 11:30 horas, en la Sala Nin\u00ed Marshall de la Casa de la Cultura Enriqueta Gastelumendi.<\/p>\n<p>Durante el encuentro se brindar\u00e1n detalles sobre los preparativos del estreno de la obra \u201cLa Espuma del Mar en la Isla del Silencio\u201d, una producci\u00f3n enmarcada en el programa \u201cTNC Produce en el Pa\u00eds\u201d que impulsa el Teatro Nacional Cervantes. La propuesta ser\u00e1 interpretada por actrices y actores fueguinos, en una coproducci\u00f3n con la Municipalidad de Ushuaia.<\/p>\n<p>En la conferencia estar\u00e1n presentes autoridades municipales, representantes del Teatro Nacional Cervantes, el elenco y el equipo directivo de la obra.<\/p>\n","protected":false},"excerpt":{"rendered":"<p>Las instituciones se presentar\u00e1n en la Sala Nin\u00ed Marshall de la Casa de la Cultura&#8230;<\/p>\n","protected":false},"author":1,"featured_media":53802,"comment_status":"closed","ping_status":"closed","sticky":false,"template":"","format":"standard","meta":{"footnotes":""},"categories":[3],"tags":[],"class_list":["post-53801","post","type-post","status-publish","format-standard","has-post-thumbnail","hentry","category-noticias"],"jetpack_featured_media_url":"https:\/\/hablemosclarotdf.com.ar\/wp-content\/uploads\/2025\/10\/photo_2025-10-08_17-21-39.jpg","_links":{"self":[{"href":"https:\/\/hablemosclarotdf.com.ar\/index.php?rest_route=\/wp\/v2\/posts\/53801","targetHints":{"allow":["GET"]}}],"collection":[{"href":"https:\/\/hablemosclarotdf.com.ar\/index.php?rest_route=\/wp\/v2\/posts"}],"about":[{"href":"https:\/\/hablemosclarotdf.com.ar\/index.php?rest_route=\/wp\/v2\/types\/post"}],"author":[{"embeddable":true,"href":"https:\/\/hablemosclarotdf.com.ar\/index.php?rest_route=\/wp\/v2\/users\/1"}],"replies":[{"embeddable":true,"href":"https:\/\/hablemosclarotdf.com.ar\/index.php?rest_route=%2Fwp%2Fv2%2Fcomments&post=53801"}],"version-history":[{"count":1,"href":"https:\/\/hablemosclarotdf.com.ar\/index.php?rest_route=\/wp\/v2\/posts\/53801\/revisions"}],"predecessor-version":[{"id":53803,"href":"https:\/\/hablemosclarotdf.com.ar\/index.php?rest_route=\/wp\/v2\/posts\/53801\/revisions\/53803"}],"wp:featuredmedia":[{"embeddable":true,"href":"https:\/\/hablemosclarotdf.com.ar\/index.php?rest_route=\/wp\/v2\/media\/53802"}],"wp:attachment":[{"href":"https:\/\/hablemosclarotdf.com.ar\/index.php?rest_route=%2Fwp%2Fv2%2Fmedia&parent=53801"}],"wp:term":[{"taxonomy":"category","embeddable":true,"href":"https:\/\/hablemosclarotdf.com.ar\/index.php?rest_route=%2Fwp%2Fv2%2Fcategories&post=53801"},{"taxonomy":"post_tag","embeddable":true,"href":"https:\/\/hablemosclarotdf.com.ar\/index.php?rest_route=%2Fwp%2Fv2%2Ftags&post=53801"}],"curies":[{"name":"wp","href":"https:\/\/api.w.org\/{rel}","templated":true}]}}