{"id":53795,"date":"2025-10-08T13:53:28","date_gmt":"2025-10-08T16:53:28","guid":{"rendered":"https:\/\/hablemosclarotdf.com.ar\/?p=53795"},"modified":"2025-10-08T13:53:28","modified_gmt":"2025-10-08T16:53:28","slug":"alerta-meteorologica-por-viento-en-toda-la-provincia","status":"publish","type":"post","link":"https:\/\/hablemosclarotdf.com.ar\/?p=53795","title":{"rendered":"ALERTA METEOROL\u00d3GICA POR VIENTO EN TODA LA PROVINCIA"},"content":{"rendered":"<p>La Secretar\u00eda de Protecci\u00f3n Civil informa que el Servicio Meteorol\u00f3gico Nacional (SMN) emiti\u00f3 una advertencia amarilla por viento en la Provincia de Tierra del Fuego AIAS. La alerta rige a partir de la ma\u00f1ana de este jueves 9 de octubre hasta el viernes 10 de octubre. Habr\u00e1 vientos del sector oeste con velocidades entre 40 y 60 km\/h y r\u00e1fagas que pueden superar los 90 km\/h con mayor impacto en la zona norte de la isla.<\/p>\n<p>Ante este tipo de condiciones clim\u00e1ticas se recomienda no sacar la basura y retirar aquellos objetos que impidan que el agua escurra, transitar por la ruta con m\u00e1xima precauci\u00f3n y respetar las se\u00f1ales e indicaciones de las autoridades.<\/p>\n<p>Ante cualquier situaci\u00f3n de emergencia llamar al 911 o al 103.<\/p>\n","protected":false},"excerpt":{"rendered":"<p>La Secretar\u00eda de Protecci\u00f3n Civil informa que el Servicio Meteorol\u00f3gico Nacional (SMN) emiti\u00f3 una advertencia&#8230;<\/p>\n","protected":false},"author":1,"featured_media":53796,"comment_status":"closed","ping_status":"closed","sticky":false,"template":"","format":"standard","meta":{"footnotes":""},"categories":[3],"tags":[],"class_list":["post-53795","post","type-post","status-publish","format-standard","has-post-thumbnail","hentry","category-noticias"],"jetpack_featured_media_url":"https:\/\/hablemosclarotdf.com.ar\/wp-content\/uploads\/2025\/10\/photo_2025-10-08_13-50-19.jpg","_links":{"self":[{"href":"https:\/\/hablemosclarotdf.com.ar\/index.php?rest_route=\/wp\/v2\/posts\/53795","targetHints":{"allow":["GET"]}}],"collection":[{"href":"https:\/\/hablemosclarotdf.com.ar\/index.php?rest_route=\/wp\/v2\/posts"}],"about":[{"href":"https:\/\/hablemosclarotdf.com.ar\/index.php?rest_route=\/wp\/v2\/types\/post"}],"author":[{"embeddable":true,"href":"https:\/\/hablemosclarotdf.com.ar\/index.php?rest_route=\/wp\/v2\/users\/1"}],"replies":[{"embeddable":true,"href":"https:\/\/hablemosclarotdf.com.ar\/index.php?rest_route=%2Fwp%2Fv2%2Fcomments&post=53795"}],"version-history":[{"count":1,"href":"https:\/\/hablemosclarotdf.com.ar\/index.php?rest_route=\/wp\/v2\/posts\/53795\/revisions"}],"predecessor-version":[{"id":53797,"href":"https:\/\/hablemosclarotdf.com.ar\/index.php?rest_route=\/wp\/v2\/posts\/53795\/revisions\/53797"}],"wp:featuredmedia":[{"embeddable":true,"href":"https:\/\/hablemosclarotdf.com.ar\/index.php?rest_route=\/wp\/v2\/media\/53796"}],"wp:attachment":[{"href":"https:\/\/hablemosclarotdf.com.ar\/index.php?rest_route=%2Fwp%2Fv2%2Fmedia&parent=53795"}],"wp:term":[{"taxonomy":"category","embeddable":true,"href":"https:\/\/hablemosclarotdf.com.ar\/index.php?rest_route=%2Fwp%2Fv2%2Fcategories&post=53795"},{"taxonomy":"post_tag","embeddable":true,"href":"https:\/\/hablemosclarotdf.com.ar\/index.php?rest_route=%2Fwp%2Fv2%2Ftags&post=53795"}],"curies":[{"name":"wp","href":"https:\/\/api.w.org\/{rel}","templated":true}]}}