{"id":53792,"date":"2025-10-08T13:51:01","date_gmt":"2025-10-08T16:51:01","guid":{"rendered":"https:\/\/hablemosclarotdf.com.ar\/?p=53792"},"modified":"2025-10-08T13:51:01","modified_gmt":"2025-10-08T16:51:01","slug":"tierra-del-fuego-convoca-proyectos-audiovisuales-para-participar-en-ventana-sur-2025","status":"publish","type":"post","link":"https:\/\/hablemosclarotdf.com.ar\/?p=53792","title":{"rendered":"TIERRA DEL FUEGO CONVOCA PROYECTOS AUDIOVISUALES PARA PARTICIPAR EN VENTANA SUR 2025"},"content":{"rendered":"<p>La Secretar\u00eda de Cultura de Tierra del Fuego, con el acompa\u00f1amiento del Consejo Federal de Inversiones (CFI) y las Provincias Unidas (Jujuy, Santa Fe, Mendoza, Santiago del Estero, R\u00edo Negro, Neuqu\u00e9n, Salta, Misiones y Buenos Aires), abri\u00f3 la convocatoria para seleccionar tres proyectos audiovisuales fueguinos que participar\u00e1n en Ventana Sur 2025, el mercado de contenidos audiovisuales m\u00e1s importante de Am\u00e9rica Latina.<\/p>\n<p>La invitaci\u00f3n est\u00e1 dirigida a realizadores y realizadoras con proyectos en desarrollo o finalizados que busquen coproducci\u00f3n, distribuci\u00f3n o visibilidad internacional. Los tres seleccionados recibir\u00e1n traslado a Buenos Aires, acreditaciones completas, alojamiento y comidas durante su estad\u00eda.<\/p>\n<p>La convocatoria permanecer\u00e1 abierta hasta el 15 de octubre, y los proyectos deber\u00e1n presentarse seg\u00fan las bases disponibles en los canales oficiales de la Secretar\u00eda de Cultura.<\/p>\n<p>Esta iniciativa forma parte del trabajo sostenido de la Secretar\u00eda para impulsar el desarrollo del sector audiovisual fueguino como una matriz productiva estrat\u00e9gica, articulando esfuerzos con otras provincias para fortalecer la presencia federal en los mercados internacionales.<\/p>\n<p>Sobre esto, el secretario de Cultura, Aureliano Rodr\u00edguez G\u00f3mez, manifest\u00f3 que \u201cdesde la Secretar\u00eda de Cultura celebramos esta convocatoria que permitir\u00e1 acompa\u00f1ar a proyectos de Tierra del Fuego en \u2018Ventana Sur\u2019\u201d, y agreg\u00f3: \u201cCreemos firmemente que el talento de nuestros realizadores merece el acompa\u00f1amiento y la visibilizaci\u00f3n que brinda este espacio, por eso hemos decidido impulsar esta iniciativa\u201d.<\/p>\n<p>El evento se realizar\u00e1 en la Ciudad Aut\u00f3noma de Buenos Aires del 1 al 15 de diciembre de 2025.<\/p>\n","protected":false},"excerpt":{"rendered":"<p>La Secretar\u00eda de Cultura de Tierra del Fuego, con el acompa\u00f1amiento del Consejo Federal de&#8230;<\/p>\n","protected":false},"author":1,"featured_media":53793,"comment_status":"closed","ping_status":"closed","sticky":false,"template":"","format":"standard","meta":{"footnotes":""},"categories":[3],"tags":[],"class_list":["post-53792","post","type-post","status-publish","format-standard","has-post-thumbnail","hentry","category-noticias"],"jetpack_featured_media_url":"https:\/\/hablemosclarotdf.com.ar\/wp-content\/uploads\/2025\/10\/photo_2025-10-08_13-50-04.jpg","_links":{"self":[{"href":"https:\/\/hablemosclarotdf.com.ar\/index.php?rest_route=\/wp\/v2\/posts\/53792","targetHints":{"allow":["GET"]}}],"collection":[{"href":"https:\/\/hablemosclarotdf.com.ar\/index.php?rest_route=\/wp\/v2\/posts"}],"about":[{"href":"https:\/\/hablemosclarotdf.com.ar\/index.php?rest_route=\/wp\/v2\/types\/post"}],"author":[{"embeddable":true,"href":"https:\/\/hablemosclarotdf.com.ar\/index.php?rest_route=\/wp\/v2\/users\/1"}],"replies":[{"embeddable":true,"href":"https:\/\/hablemosclarotdf.com.ar\/index.php?rest_route=%2Fwp%2Fv2%2Fcomments&post=53792"}],"version-history":[{"count":1,"href":"https:\/\/hablemosclarotdf.com.ar\/index.php?rest_route=\/wp\/v2\/posts\/53792\/revisions"}],"predecessor-version":[{"id":53794,"href":"https:\/\/hablemosclarotdf.com.ar\/index.php?rest_route=\/wp\/v2\/posts\/53792\/revisions\/53794"}],"wp:featuredmedia":[{"embeddable":true,"href":"https:\/\/hablemosclarotdf.com.ar\/index.php?rest_route=\/wp\/v2\/media\/53793"}],"wp:attachment":[{"href":"https:\/\/hablemosclarotdf.com.ar\/index.php?rest_route=%2Fwp%2Fv2%2Fmedia&parent=53792"}],"wp:term":[{"taxonomy":"category","embeddable":true,"href":"https:\/\/hablemosclarotdf.com.ar\/index.php?rest_route=%2Fwp%2Fv2%2Fcategories&post=53792"},{"taxonomy":"post_tag","embeddable":true,"href":"https:\/\/hablemosclarotdf.com.ar\/index.php?rest_route=%2Fwp%2Fv2%2Ftags&post=53792"}],"curies":[{"name":"wp","href":"https:\/\/api.w.org\/{rel}","templated":true}]}}