{"id":53785,"date":"2025-10-08T12:20:46","date_gmt":"2025-10-08T15:20:46","guid":{"rendered":"https:\/\/hablemosclarotdf.com.ar\/?p=53785"},"modified":"2025-10-08T12:20:46","modified_gmt":"2025-10-08T15:20:46","slug":"blanco-el-regimiento-de-patricios-no-se-remata-ni-se-vende","status":"publish","type":"post","link":"https:\/\/hablemosclarotdf.com.ar\/?p=53785","title":{"rendered":"Blanco: \u201cEl Regimiento de Patricios no se remata ni se vende\u201d"},"content":{"rendered":"<p>Mi\u00e9rcoles 08 de octubre. El senador nacional por Tierra del Fuego, Pablo Daniel Blanco, expres\u00f3 su rechazo ante la decisi\u00f3n del Gobierno de rifar el predio del Regimiento de Infanter\u00eda N\u00b0 1 \u201cPatricios\u201d antes de que la C\u00e1mara de Diputados pudiera sancionar su proyecto de ley para protegerlo.<\/p>\n<p>\u201cEl predio del Regimiento de Patricios fue rifado sin el menor pudor, ignorando al Congreso y nuestra historia. En este gobierno son r\u00e1pidos para los mandados, pero lentos para defender nuestra soberan\u00eda. Todo por un d\u00f3lar\u201d, se\u00f1al\u00f3 Blanco.<\/p>\n<p>El Senado de la Naci\u00f3n hab\u00eda aprobado recientemente el proyecto del senador fueguino que declara al predio como lugar hist\u00f3rico nacional, estrat\u00e9gico y no enajenable, con 61 votos afirmativos y 8 abstenciones. La iniciativa establece que el terreno sea destinado de forma permanente al Ej\u00e9rcito Argentino, con fines de defensa, cient\u00edficos y culturales, prohibiendo cualquier intento de venta o especulaci\u00f3n inmobiliaria.<\/p>\n<p>\u201cEl Regimiento de Patricios, creado en 1806, defendi\u00f3 a Buenos Aires en las invasiones inglesas y forma parte de la identidad de nuestra Naci\u00f3n. No vamos a permitir que Milei rif\u00e9 nuestra historia ni pase por encima del Congreso\u201d, concluy\u00f3 Blanco<\/p>\n","protected":false},"excerpt":{"rendered":"<p>Mi\u00e9rcoles 08 de octubre. El senador nacional por Tierra del Fuego, Pablo Daniel Blanco, expres\u00f3&#8230;<\/p>\n","protected":false},"author":1,"featured_media":53786,"comment_status":"closed","ping_status":"closed","sticky":false,"template":"","format":"standard","meta":{"footnotes":""},"categories":[3],"tags":[],"class_list":["post-53785","post","type-post","status-publish","format-standard","has-post-thumbnail","hentry","category-noticias"],"jetpack_featured_media_url":"https:\/\/hablemosclarotdf.com.ar\/wp-content\/uploads\/2025\/10\/images-3.jpg","_links":{"self":[{"href":"https:\/\/hablemosclarotdf.com.ar\/index.php?rest_route=\/wp\/v2\/posts\/53785","targetHints":{"allow":["GET"]}}],"collection":[{"href":"https:\/\/hablemosclarotdf.com.ar\/index.php?rest_route=\/wp\/v2\/posts"}],"about":[{"href":"https:\/\/hablemosclarotdf.com.ar\/index.php?rest_route=\/wp\/v2\/types\/post"}],"author":[{"embeddable":true,"href":"https:\/\/hablemosclarotdf.com.ar\/index.php?rest_route=\/wp\/v2\/users\/1"}],"replies":[{"embeddable":true,"href":"https:\/\/hablemosclarotdf.com.ar\/index.php?rest_route=%2Fwp%2Fv2%2Fcomments&post=53785"}],"version-history":[{"count":1,"href":"https:\/\/hablemosclarotdf.com.ar\/index.php?rest_route=\/wp\/v2\/posts\/53785\/revisions"}],"predecessor-version":[{"id":53787,"href":"https:\/\/hablemosclarotdf.com.ar\/index.php?rest_route=\/wp\/v2\/posts\/53785\/revisions\/53787"}],"wp:featuredmedia":[{"embeddable":true,"href":"https:\/\/hablemosclarotdf.com.ar\/index.php?rest_route=\/wp\/v2\/media\/53786"}],"wp:attachment":[{"href":"https:\/\/hablemosclarotdf.com.ar\/index.php?rest_route=%2Fwp%2Fv2%2Fmedia&parent=53785"}],"wp:term":[{"taxonomy":"category","embeddable":true,"href":"https:\/\/hablemosclarotdf.com.ar\/index.php?rest_route=%2Fwp%2Fv2%2Fcategories&post=53785"},{"taxonomy":"post_tag","embeddable":true,"href":"https:\/\/hablemosclarotdf.com.ar\/index.php?rest_route=%2Fwp%2Fv2%2Ftags&post=53785"}],"curies":[{"name":"wp","href":"https:\/\/api.w.org\/{rel}","templated":true}]}}