{"id":53779,"date":"2025-10-08T12:06:46","date_gmt":"2025-10-08T15:06:46","guid":{"rendered":"https:\/\/hablemosclarotdf.com.ar\/?p=53779"},"modified":"2025-10-08T12:06:46","modified_gmt":"2025-10-08T15:06:46","slug":"gobierno-realizara-jornadas-abiertas-en-toda-la-provincia-por-el-dia-de-la-salud-mental","status":"publish","type":"post","link":"https:\/\/hablemosclarotdf.com.ar\/?p=53779","title":{"rendered":"GOBIERNO REALIZAR\u00c1 JORNADAS ABIERTAS EN TODA LA PROVINCIA POR EL D\u00cdA DE LA SALUD MENTAL"},"content":{"rendered":"<p>El Ministerio de Salud de la provincia anunci\u00f3 la realizaci\u00f3n de diversas actividades abiertas a la comunidad en las tres ciudades fueguinas en el marco del D\u00eda Mundial de la Salud Mental, con el objetivo de promover el cuidado emocional como parte del bienestar integral y generar espacios de encuentro, reflexi\u00f3n y acci\u00f3n colectiva.<\/p>\n<p>La propuesta ser\u00e1 llevada adelante por la Secretar\u00eda de Salud Mental y Problem\u00e1ticas de Consumo tanto en R\u00edo Grande como en Ushuaia y en Tolhuin.<\/p>\n<p>En R\u00edo Grande, el jueves 9 de octubre se realizar\u00e1 en el horario de 14 a 17 un Encuentro Comunitario en el Centro de Abordaje Integral de Salud Mental (INTEVU 12 B, casa 95, esquina Gobernador Paz). La jornada es organizada por el equipo del CAI junto a las \u00e1reas de Cultura y Juventudes y busca fomentar la participaci\u00f3n ciudadana en torno a la salud mental.<\/p>\n<p>En Ushuaia, el viernes 10 de octubre se llevar\u00e1 a cabo en el horario de 17 a 20 el Festival \u201cRedes y V\u00ednculos\u201d en el CEPLA El Palomar (Pablo Imboden 1140). El evento contar\u00e1 con talleres informativos, bandas en vivo, muestras culturales, stands institucionales y espacios de infusiones. Participan CEPLA, Escuela Popular de G\u00e9neros, Disidencias y Masculinudades, CENT 11, CAPCUSH, Centro de D\u00eda Kariaimken y Dispositivo de Inclusi\u00f3n Laboral.<\/p>\n<p>Por su parte, Tolhuin ser\u00e1 sede de un conversatorio titulado \u201cSalud mental y el valor de la comunidad\u201d el mi\u00e9rcoles 15 de octubre en el horario de 10 a 13 en el Centro Cultural Lola Kiepja (Michay N\u00ba 820). La propuesta invita a construir colectivamente un sentido de comunidad, reflexionar sobre los v\u00ednculos afectivos y generar acciones concretas que fortalezcan el tejido social.<\/p>\n<p>Las actividades se enmarcan en una pol\u00edtica p\u00fablica que reconoce la salud mental como un derecho y una dimensi\u00f3n clave para el desarrollo humano, promoviendo espacios accesibles, participativos y transformadores en toda la provincia.<\/p>\n","protected":false},"excerpt":{"rendered":"<p>El Ministerio de Salud de la provincia anunci\u00f3 la realizaci\u00f3n de diversas actividades abiertas a&#8230;<\/p>\n","protected":false},"author":1,"featured_media":53780,"comment_status":"closed","ping_status":"closed","sticky":false,"template":"","format":"standard","meta":{"footnotes":""},"categories":[3],"tags":[],"class_list":["post-53779","post","type-post","status-publish","format-standard","has-post-thumbnail","hentry","category-noticias"],"jetpack_featured_media_url":"https:\/\/hablemosclarotdf.com.ar\/wp-content\/uploads\/2025\/10\/photo_2025-10-08_12-05-58.jpg","_links":{"self":[{"href":"https:\/\/hablemosclarotdf.com.ar\/index.php?rest_route=\/wp\/v2\/posts\/53779","targetHints":{"allow":["GET"]}}],"collection":[{"href":"https:\/\/hablemosclarotdf.com.ar\/index.php?rest_route=\/wp\/v2\/posts"}],"about":[{"href":"https:\/\/hablemosclarotdf.com.ar\/index.php?rest_route=\/wp\/v2\/types\/post"}],"author":[{"embeddable":true,"href":"https:\/\/hablemosclarotdf.com.ar\/index.php?rest_route=\/wp\/v2\/users\/1"}],"replies":[{"embeddable":true,"href":"https:\/\/hablemosclarotdf.com.ar\/index.php?rest_route=%2Fwp%2Fv2%2Fcomments&post=53779"}],"version-history":[{"count":1,"href":"https:\/\/hablemosclarotdf.com.ar\/index.php?rest_route=\/wp\/v2\/posts\/53779\/revisions"}],"predecessor-version":[{"id":53781,"href":"https:\/\/hablemosclarotdf.com.ar\/index.php?rest_route=\/wp\/v2\/posts\/53779\/revisions\/53781"}],"wp:featuredmedia":[{"embeddable":true,"href":"https:\/\/hablemosclarotdf.com.ar\/index.php?rest_route=\/wp\/v2\/media\/53780"}],"wp:attachment":[{"href":"https:\/\/hablemosclarotdf.com.ar\/index.php?rest_route=%2Fwp%2Fv2%2Fmedia&parent=53779"}],"wp:term":[{"taxonomy":"category","embeddable":true,"href":"https:\/\/hablemosclarotdf.com.ar\/index.php?rest_route=%2Fwp%2Fv2%2Fcategories&post=53779"},{"taxonomy":"post_tag","embeddable":true,"href":"https:\/\/hablemosclarotdf.com.ar\/index.php?rest_route=%2Fwp%2Fv2%2Ftags&post=53779"}],"curies":[{"name":"wp","href":"https:\/\/api.w.org\/{rel}","templated":true}]}}