{"id":53772,"date":"2025-10-08T12:04:11","date_gmt":"2025-10-08T15:04:11","guid":{"rendered":"https:\/\/hablemosclarotdf.com.ar\/?p=53772"},"modified":"2025-10-08T12:04:11","modified_gmt":"2025-10-08T15:04:11","slug":"tierra-del-fuego-fortalece-su-apuesta-a-la-acuicultura-con-inversion-en-ciencia-e-infraestructura","status":"publish","type":"post","link":"https:\/\/hablemosclarotdf.com.ar\/?p=53772","title":{"rendered":"TIERRA DEL FUEGO FORTALECE SU APUESTA A LA ACUICULTURA CON INVERSI\u00d3N EN CIENCIA E INFRAESTRUCTURA"},"content":{"rendered":"<p>La ministra de Producci\u00f3n y Ambiente, Karina Fern\u00e1ndez supervis\u00f3 los avances en la Estaci\u00f3n de Piscicultura R\u00edo Olivia y el Laboratorio de Toxinas Marinas y Microbiolog\u00edas. Destac\u00f3 que esta estrategia, basada en capacitaci\u00f3n, investigaci\u00f3n y desarrollo productivo, es clave para diversificar la matriz econ\u00f3mica de la provincia de manera sostenible.<\/p>\n<p>En la Estaci\u00f3n, la Ministra Fern\u00e1ndez junto al subsecretario de Coordinaci\u00f3n Pesquera y Acu\u00edcola, Diego Marzioni, y la secretaria de Coordinaci\u00f3n General, Lorena Rodr\u00edguez, supervisaron los avances en infraestructura, as\u00ed como los trabajos en gen\u00e9tica y control ambiental, que forman parte de las acciones para impulsar el desarrollo sostenible de la acuicultura y la pesca en la provincia.<\/p>\n<p>La visita incluy\u00f3 la sala de incubaci\u00f3n, donde agentes del sector explicaron el trabajo que vienen realizando en torno a la gen\u00e9tica aplicada al desarrollo de especies.<\/p>\n<p>A posterior, los funcionarios visitaron el Laboratorio de Toxinas y Microbiolog\u00eda, donde el Gobierno de la Provincia avanza en el fortalecimiento de las capacidades anal\u00edticas, con inversiones ya realizadas y proyectadas en equipamiento, insumos cr\u00edticos y la incorporaci\u00f3n de personal calificado.<\/p>\n<p>Al respecto, la Ministra indic\u00f3 que \u201cestas incorporaciones permitir\u00e1n consolidar la vigilancia ambiental, garantizar la bioseguridad y generar conocimiento cient\u00edfico de excelencia\u201d.<\/p>\n<p>Asimismo, subray\u00f3 que &#8220;la acuicultura es la gran apuesta para ampliar la matriz productiva. Para ello, hemos definido un camino estrat\u00e9gico que se apoya en tres ejes clave: la capacitaci\u00f3n y formaci\u00f3n del personal, la investigaci\u00f3n cient\u00edfica y el desarrollo productivo. La articulaci\u00f3n de estas \u00e1reas es esencial para promover el crecimiento econ\u00f3mico, as\u00ed como la sostenibilidad ambiental y social&#8221;.<\/p>\n<p>En esta misma l\u00ednea, Fern\u00e1ndez destac\u00f3 las Jornadas de Fortalecimiento T\u00e9cnico del Programa Provincial de Observadores a Bordo, que se realizaron del 30 de septiembre al 3 de octubre entre el CECAFMA (Centro de Capacitaci\u00f3n y Formaci\u00f3n Mar\u00edtima) \u2013dependiente de la Secretar\u00eda de Pesca y Acuicultura\u2013 y el CeDePesca (Centro Desarrollo y Pesca Sustentable).<\/p>\n<p>Durante las mismas, se abordaron temas como la digitalizaci\u00f3n y control de calidad de datos, la actualizaci\u00f3n de protocolos de captura incidental y la capacitaci\u00f3n operativa, consolidando la capacidad del Programa para evaluar la interacci\u00f3n de la pesquer\u00eda de merluza negra con el ecosistema.<\/p>\n<p><img loading=\"lazy\" decoding=\"async\" class=\"alignnone size-medium wp-image-53774\" src=\"https:\/\/hablemosclarotdf.com.ar\/wp-content\/uploads\/2025\/10\/photo_2025-10-08_12-01-06-300x200.jpg\" alt=\"\" width=\"300\" height=\"200\" srcset=\"https:\/\/hablemosclarotdf.com.ar\/wp-content\/uploads\/2025\/10\/photo_2025-10-08_12-01-06-300x200.jpg 300w, https:\/\/hablemosclarotdf.com.ar\/wp-content\/uploads\/2025\/10\/photo_2025-10-08_12-01-06-1024x683.jpg 1024w, https:\/\/hablemosclarotdf.com.ar\/wp-content\/uploads\/2025\/10\/photo_2025-10-08_12-01-06-768x512.jpg 768w, https:\/\/hablemosclarotdf.com.ar\/wp-content\/uploads\/2025\/10\/photo_2025-10-08_12-01-06.jpg 1152w\" sizes=\"auto, (max-width: 300px) 100vw, 300px\" \/> <img loading=\"lazy\" decoding=\"async\" class=\"alignnone size-medium wp-image-53775\" src=\"https:\/\/hablemosclarotdf.com.ar\/wp-content\/uploads\/2025\/10\/photo_2025-10-08_12-01-11-300x200.jpg\" alt=\"\" width=\"300\" height=\"200\" srcset=\"https:\/\/hablemosclarotdf.com.ar\/wp-content\/uploads\/2025\/10\/photo_2025-10-08_12-01-11-300x200.jpg 300w, https:\/\/hablemosclarotdf.com.ar\/wp-content\/uploads\/2025\/10\/photo_2025-10-08_12-01-11-1024x683.jpg 1024w, https:\/\/hablemosclarotdf.com.ar\/wp-content\/uploads\/2025\/10\/photo_2025-10-08_12-01-11-768x512.jpg 768w, https:\/\/hablemosclarotdf.com.ar\/wp-content\/uploads\/2025\/10\/photo_2025-10-08_12-01-11.jpg 1152w\" sizes=\"auto, (max-width: 300px) 100vw, 300px\" \/> <img loading=\"lazy\" decoding=\"async\" class=\"alignnone size-medium wp-image-53776\" src=\"https:\/\/hablemosclarotdf.com.ar\/wp-content\/uploads\/2025\/10\/photo_2025-10-08_12-01-23-300x200.jpg\" alt=\"\" width=\"300\" height=\"200\" srcset=\"https:\/\/hablemosclarotdf.com.ar\/wp-content\/uploads\/2025\/10\/photo_2025-10-08_12-01-23-300x200.jpg 300w, https:\/\/hablemosclarotdf.com.ar\/wp-content\/uploads\/2025\/10\/photo_2025-10-08_12-01-23-1024x683.jpg 1024w, https:\/\/hablemosclarotdf.com.ar\/wp-content\/uploads\/2025\/10\/photo_2025-10-08_12-01-23-768x512.jpg 768w, https:\/\/hablemosclarotdf.com.ar\/wp-content\/uploads\/2025\/10\/photo_2025-10-08_12-01-23.jpg 1152w\" sizes=\"auto, (max-width: 300px) 100vw, 300px\" \/> <img loading=\"lazy\" decoding=\"async\" class=\"alignnone size-medium wp-image-53777\" src=\"https:\/\/hablemosclarotdf.com.ar\/wp-content\/uploads\/2025\/10\/photo_2025-10-08_12-01-52-300x200.jpg\" alt=\"\" width=\"300\" height=\"200\" srcset=\"https:\/\/hablemosclarotdf.com.ar\/wp-content\/uploads\/2025\/10\/photo_2025-10-08_12-01-52-300x200.jpg 300w, https:\/\/hablemosclarotdf.com.ar\/wp-content\/uploads\/2025\/10\/photo_2025-10-08_12-01-52-1024x683.jpg 1024w, https:\/\/hablemosclarotdf.com.ar\/wp-content\/uploads\/2025\/10\/photo_2025-10-08_12-01-52-768x512.jpg 768w, https:\/\/hablemosclarotdf.com.ar\/wp-content\/uploads\/2025\/10\/photo_2025-10-08_12-01-52.jpg 1152w\" sizes=\"auto, (max-width: 300px) 100vw, 300px\" \/><\/p>\n","protected":false},"excerpt":{"rendered":"<p>La ministra de Producci\u00f3n y Ambiente, Karina Fern\u00e1ndez supervis\u00f3 los avances en la Estaci\u00f3n de&#8230;<\/p>\n","protected":false},"author":1,"featured_media":53773,"comment_status":"closed","ping_status":"closed","sticky":false,"template":"","format":"standard","meta":{"footnotes":""},"categories":[3],"tags":[],"class_list":["post-53772","post","type-post","status-publish","format-standard","has-post-thumbnail","hentry","category-noticias"],"jetpack_featured_media_url":"https:\/\/hablemosclarotdf.com.ar\/wp-content\/uploads\/2025\/10\/photo_2025-10-08_12-00-57.jpg","_links":{"self":[{"href":"https:\/\/hablemosclarotdf.com.ar\/index.php?rest_route=\/wp\/v2\/posts\/53772","targetHints":{"allow":["GET"]}}],"collection":[{"href":"https:\/\/hablemosclarotdf.com.ar\/index.php?rest_route=\/wp\/v2\/posts"}],"about":[{"href":"https:\/\/hablemosclarotdf.com.ar\/index.php?rest_route=\/wp\/v2\/types\/post"}],"author":[{"embeddable":true,"href":"https:\/\/hablemosclarotdf.com.ar\/index.php?rest_route=\/wp\/v2\/users\/1"}],"replies":[{"embeddable":true,"href":"https:\/\/hablemosclarotdf.com.ar\/index.php?rest_route=%2Fwp%2Fv2%2Fcomments&post=53772"}],"version-history":[{"count":1,"href":"https:\/\/hablemosclarotdf.com.ar\/index.php?rest_route=\/wp\/v2\/posts\/53772\/revisions"}],"predecessor-version":[{"id":53778,"href":"https:\/\/hablemosclarotdf.com.ar\/index.php?rest_route=\/wp\/v2\/posts\/53772\/revisions\/53778"}],"wp:featuredmedia":[{"embeddable":true,"href":"https:\/\/hablemosclarotdf.com.ar\/index.php?rest_route=\/wp\/v2\/media\/53773"}],"wp:attachment":[{"href":"https:\/\/hablemosclarotdf.com.ar\/index.php?rest_route=%2Fwp%2Fv2%2Fmedia&parent=53772"}],"wp:term":[{"taxonomy":"category","embeddable":true,"href":"https:\/\/hablemosclarotdf.com.ar\/index.php?rest_route=%2Fwp%2Fv2%2Fcategories&post=53772"},{"taxonomy":"post_tag","embeddable":true,"href":"https:\/\/hablemosclarotdf.com.ar\/index.php?rest_route=%2Fwp%2Fv2%2Ftags&post=53772"}],"curies":[{"name":"wp","href":"https:\/\/api.w.org\/{rel}","templated":true}]}}