{"id":53765,"date":"2025-10-08T11:59:23","date_gmt":"2025-10-08T14:59:23","guid":{"rendered":"https:\/\/hablemosclarotdf.com.ar\/?p=53765"},"modified":"2025-10-08T11:59:23","modified_gmt":"2025-10-08T14:59:23","slug":"rio-grande-2-expo-emprender-desde-el-sur-rio-grande-potencia-su-espiritu-emprendedor","status":"publish","type":"post","link":"https:\/\/hablemosclarotdf.com.ar\/?p=53765","title":{"rendered":"RIO GRANDE : 2\u00b0 EXPO &#8220;EMPRENDER DESDE EL SUR&#8221;: R\u00cdO GRANDE POTENCIA SU ESP\u00cdRITU EMPRENDEDOR&#8221;"},"content":{"rendered":"<p>Se realizar\u00e1 este s\u00e1bado 11 y domingo 12 de octubre, de 13 a 20 horas, en el Polideportivo \u201cCarlos Margalot\u201d. Habr\u00e1 stands con productos regionales y gastron\u00f3micos, una secci\u00f3n de cafeter\u00eda, rondas de negocios y charlas para emprendedores. Esta iniciativa, impulsada por la gesti\u00f3n del intendente Mart\u00edn Perez, reafirma el compromiso municipal de acompa\u00f1ar al sector productivo local, fortalecer el desarrollo econ\u00f3mico y generar m\u00e1s oportunidades para las y los emprendedores de R\u00edo Grande.<\/p>\n<p>El Municipio de R\u00edo Grande invita a las vecinas y vecinos a recorrer la 2\u00aa edici\u00f3n de la Expo \u201cEmprender desde el Sur\u201d. La propuesta es organizada por la Secretar\u00eda de Desarrollo Productivo con el objetivo de continuar brindando herramientas, generar contactos y compartir conocimientos; facilitar el encuentro con aliados estrat\u00e9gicos y fomentar redes de comercializaci\u00f3n. De esta manera, se busca seguir impulsando una agenda de desarrollo productivo con identidad local.<\/p>\n<p>Durante el evento participar\u00e1n emprendimientos y pymes en proceso de escalabilidad, as\u00ed como tambi\u00e9n proyectos en etapas de consolidaci\u00f3n productiva, comercializaci\u00f3n o expansi\u00f3n. Con esta segunda edici\u00f3n, se busca afianzar un espacio de visibilidad, formaci\u00f3n y proyecci\u00f3n comercial orientado al desarrollo econ\u00f3mico local y con fuerte compromiso territorial.<\/p>\n<p>El secretario de Desarrollo Productivo, Facundo Armas, afirm\u00f3 que \u201cla Expo Emprender desde el Sur busca visibilizar los proyectos de emprendedurismo que tenemos en nuestra ciudad, todos aquellos que generan valor agregado y que son impulsados por tantos emprendedores que vienen creciendo, escalando y consolidando sus producciones\u201d.<\/p>\n<p>En este sentido, sostuvo que \u201cdesde el Municipio estamos trabajando para ayudarlos a crecer y, en esta oportunidad, buscamos poner en valor el trabajo que realizan emprendedoras y emprendedores de nuestra ciudad. Durante las jornadas, la comunidad podr\u00e1 conocer el valor de R\u00edo Grande, descubrir los diferentes emprendimientos, la innovaci\u00f3n y el trabajo que se lleva adelante con el sector productivo\u201d.<\/p>\n<p>Asimismo, destac\u00f3 que \u201cel concepto central parte de nuestra mirada de que nuestro sur es el norte. Desde ese lugar queremos reconocer el esfuerzo y el trabajo de quienes, en tiempos que no son f\u00e1ciles, ponen toda su creatividad e innovaci\u00f3n para seguir adelante. Desde el Municipio acompa\u00f1amos ese proceso, generando espacios para mostrar y visibilizar lo que hacen\u201d.<\/p>\n<p>Armas agreg\u00f3 que \u201cser\u00e1 un espacio de encuentro donde la comunidad podr\u00e1 disfrutar y conocer el talento local. Tanto el s\u00e1bado como el domingo se podr\u00e1n recorrer los stands, disfrutar de cafeter\u00edas locales y participar de charlas emprendedoras con experiencias de nuestra ciudad y de toda la provincia\u201d.<\/p>\n<p>\u201cEn esta segunda edici\u00f3n queremos invitar a las familias a conocer el valor de R\u00edo Grande, todo lo que se trabaja desde el sector emprendedor y productivo. En un contexto complejo, los emprendedores siguen surgiendo y reinvent\u00e1ndose, muchas veces a partir de la necesidad, pero siempre con la capacidad de innovar y diferenciarse\u201d, sostuvo. Remarc\u00f3 adem\u00e1s que \u201cen este proceso es firme el acompa\u00f1amiento que brindamos desde la gesti\u00f3n del intendente Mart\u00edn Perez, a trav\u00e9s de la Escuela Municipal de Emprendedores y de distintos espacios de visibilizaci\u00f3n\u201d.<\/p>\n<p>A los m\u00e1s de 80 stands se sumar\u00e1n las Rondas de Negocios, que permiten generar redes de contacto entre emprendedores, comercios e industrias. \u201cEn la primera edici\u00f3n tuvimos muy buenos resultados: se concretaron productos en conjunto, algunos emprendimientos comenzaron a vender en Ushuaia y se establecieron v\u00ednculos con restaurantes y cadenas locales\u201d, resalt\u00f3.<\/p>\n<p>Por \u00faltimo, Armas subray\u00f3 que \u201cesta propuesta del Municipio es impulsada por nuestro intendente Mart\u00edn Perez, quien nos pide continuar fortaleciendo el entramado productivo local. El sector emprendedor es el motor de R\u00edo Grande y de nuestra econom\u00eda.<\/p>\n<p>Por eso invitamos a todos los vecinos y vecinas a acercarse, conocer y disfrutar de todo lo que se produce en nuestra ciudad\u201d.<\/p>\n<p>Por su parte, Ornela Antonio, directora de Desarrollo Local, expres\u00f3 que \u201cesta segunda edici\u00f3n de la Expo Emprender desde el Sur es el resultado de un trabajo sostenido junto a las y los emprendedores de nuestra ciudad. Desde el Municipio impulsamos estos espacios porque creemos que cada emprendimiento es motor de desarrollo local, de empleo y de identidad productiva. Acompa\u00f1amos permanentemente con herramientas, capacitaci\u00f3n y oportunidades de vinculaci\u00f3n para que sigan creciendo y proyect\u00e1ndose desde R\u00edo Grande hacia nuevos mercados\u201d.<\/p>\n<p>La Expo contar\u00e1 con stands de productos y servicios regionales, rondas de vinculaci\u00f3n y espacios de networking, con el objetivo de generar un espacio de conexi\u00f3n directa con proveedores, plataformas, instituciones de financiamiento y distribuci\u00f3n. Adem\u00e1s, se brindar\u00e1n charlas sobre digitalizaci\u00f3n, ventas, costos, marketing, financiamiento y gesti\u00f3n profesional. Tambi\u00e9n habr\u00e1 un panel de experiencias donde emprendedores compartir\u00e1n sus historias de crecimiento y expansi\u00f3n desde el sur hacia otros mercados.<\/p>\n<p>A trav\u00e9s de la Expo Emprender desde el Sur, el Estado Municipal consolida un espacio que re\u00fane a quienes han iniciado su camino emprendedor y buscan herramientas para proyectarse m\u00e1s all\u00e1 del mercado local. De esta manera, se promueve el desarrollo econ\u00f3mico de la ciudad y la profesionalizaci\u00f3n de los emprendimientos, fortaleciendo su potencial de crecimiento con una visi\u00f3n estrat\u00e9gica hacia el futuro.<\/p>\n<p><img loading=\"lazy\" decoding=\"async\" class=\"alignnone size-medium wp-image-53767\" src=\"https:\/\/hablemosclarotdf.com.ar\/wp-content\/uploads\/2025\/10\/photo_2025-10-08_11-57-10-300x200.jpg\" alt=\"\" width=\"300\" height=\"200\" srcset=\"https:\/\/hablemosclarotdf.com.ar\/wp-content\/uploads\/2025\/10\/photo_2025-10-08_11-57-10-300x200.jpg 300w, https:\/\/hablemosclarotdf.com.ar\/wp-content\/uploads\/2025\/10\/photo_2025-10-08_11-57-10-1024x682.jpg 1024w, https:\/\/hablemosclarotdf.com.ar\/wp-content\/uploads\/2025\/10\/photo_2025-10-08_11-57-10-768x512.jpg 768w, https:\/\/hablemosclarotdf.com.ar\/wp-content\/uploads\/2025\/10\/photo_2025-10-08_11-57-10.jpg 1280w\" sizes=\"auto, (max-width: 300px) 100vw, 300px\" \/> <img loading=\"lazy\" decoding=\"async\" class=\"alignnone size-medium wp-image-53768\" src=\"https:\/\/hablemosclarotdf.com.ar\/wp-content\/uploads\/2025\/10\/photo_2025-10-08_11-57-14-300x200.jpg\" alt=\"\" width=\"300\" height=\"200\" srcset=\"https:\/\/hablemosclarotdf.com.ar\/wp-content\/uploads\/2025\/10\/photo_2025-10-08_11-57-14-300x200.jpg 300w, https:\/\/hablemosclarotdf.com.ar\/wp-content\/uploads\/2025\/10\/photo_2025-10-08_11-57-14-1024x682.jpg 1024w, https:\/\/hablemosclarotdf.com.ar\/wp-content\/uploads\/2025\/10\/photo_2025-10-08_11-57-14-768x512.jpg 768w, https:\/\/hablemosclarotdf.com.ar\/wp-content\/uploads\/2025\/10\/photo_2025-10-08_11-57-14.jpg 1280w\" sizes=\"auto, (max-width: 300px) 100vw, 300px\" \/> <img loading=\"lazy\" decoding=\"async\" class=\"alignnone size-medium wp-image-53769\" src=\"https:\/\/hablemosclarotdf.com.ar\/wp-content\/uploads\/2025\/10\/photo_2025-10-08_11-57-24-300x200.jpg\" alt=\"\" width=\"300\" height=\"200\" srcset=\"https:\/\/hablemosclarotdf.com.ar\/wp-content\/uploads\/2025\/10\/photo_2025-10-08_11-57-24-300x200.jpg 300w, https:\/\/hablemosclarotdf.com.ar\/wp-content\/uploads\/2025\/10\/photo_2025-10-08_11-57-24-1024x683.jpg 1024w, https:\/\/hablemosclarotdf.com.ar\/wp-content\/uploads\/2025\/10\/photo_2025-10-08_11-57-24-768x512.jpg 768w, https:\/\/hablemosclarotdf.com.ar\/wp-content\/uploads\/2025\/10\/photo_2025-10-08_11-57-24.jpg 1280w\" sizes=\"auto, (max-width: 300px) 100vw, 300px\" \/> <img loading=\"lazy\" decoding=\"async\" class=\"alignnone size-medium wp-image-53770\" src=\"https:\/\/hablemosclarotdf.com.ar\/wp-content\/uploads\/2025\/10\/photo_2025-10-08_11-57-28-300x200.jpg\" alt=\"\" width=\"300\" height=\"200\" srcset=\"https:\/\/hablemosclarotdf.com.ar\/wp-content\/uploads\/2025\/10\/photo_2025-10-08_11-57-28-300x200.jpg 300w, https:\/\/hablemosclarotdf.com.ar\/wp-content\/uploads\/2025\/10\/photo_2025-10-08_11-57-28-1024x683.jpg 1024w, https:\/\/hablemosclarotdf.com.ar\/wp-content\/uploads\/2025\/10\/photo_2025-10-08_11-57-28-768x512.jpg 768w, https:\/\/hablemosclarotdf.com.ar\/wp-content\/uploads\/2025\/10\/photo_2025-10-08_11-57-28.jpg 1280w\" sizes=\"auto, (max-width: 300px) 100vw, 300px\" \/><\/p>\n","protected":false},"excerpt":{"rendered":"<p>Se realizar\u00e1 este s\u00e1bado 11 y domingo 12 de octubre, de 13 a 20 horas,&#8230;<\/p>\n","protected":false},"author":1,"featured_media":53766,"comment_status":"closed","ping_status":"closed","sticky":false,"template":"","format":"standard","meta":{"footnotes":""},"categories":[3],"tags":[],"class_list":["post-53765","post","type-post","status-publish","format-standard","has-post-thumbnail","hentry","category-noticias"],"jetpack_featured_media_url":"https:\/\/hablemosclarotdf.com.ar\/wp-content\/uploads\/2025\/10\/photo_2025-10-08_11-57-05.jpg","_links":{"self":[{"href":"https:\/\/hablemosclarotdf.com.ar\/index.php?rest_route=\/wp\/v2\/posts\/53765","targetHints":{"allow":["GET"]}}],"collection":[{"href":"https:\/\/hablemosclarotdf.com.ar\/index.php?rest_route=\/wp\/v2\/posts"}],"about":[{"href":"https:\/\/hablemosclarotdf.com.ar\/index.php?rest_route=\/wp\/v2\/types\/post"}],"author":[{"embeddable":true,"href":"https:\/\/hablemosclarotdf.com.ar\/index.php?rest_route=\/wp\/v2\/users\/1"}],"replies":[{"embeddable":true,"href":"https:\/\/hablemosclarotdf.com.ar\/index.php?rest_route=%2Fwp%2Fv2%2Fcomments&post=53765"}],"version-history":[{"count":1,"href":"https:\/\/hablemosclarotdf.com.ar\/index.php?rest_route=\/wp\/v2\/posts\/53765\/revisions"}],"predecessor-version":[{"id":53771,"href":"https:\/\/hablemosclarotdf.com.ar\/index.php?rest_route=\/wp\/v2\/posts\/53765\/revisions\/53771"}],"wp:featuredmedia":[{"embeddable":true,"href":"https:\/\/hablemosclarotdf.com.ar\/index.php?rest_route=\/wp\/v2\/media\/53766"}],"wp:attachment":[{"href":"https:\/\/hablemosclarotdf.com.ar\/index.php?rest_route=%2Fwp%2Fv2%2Fmedia&parent=53765"}],"wp:term":[{"taxonomy":"category","embeddable":true,"href":"https:\/\/hablemosclarotdf.com.ar\/index.php?rest_route=%2Fwp%2Fv2%2Fcategories&post=53765"},{"taxonomy":"post_tag","embeddable":true,"href":"https:\/\/hablemosclarotdf.com.ar\/index.php?rest_route=%2Fwp%2Fv2%2Ftags&post=53765"}],"curies":[{"name":"wp","href":"https:\/\/api.w.org\/{rel}","templated":true}]}}