{"id":53738,"date":"2025-10-07T21:50:26","date_gmt":"2025-10-08T00:50:26","guid":{"rendered":"https:\/\/hablemosclarotdf.com.ar\/?p=53738"},"modified":"2025-10-07T21:50:26","modified_gmt":"2025-10-08T00:50:26","slug":"la-dpe-realiza-tareas-de-reparacion-en-el-tendido-electrico-en-la-zona-centro-de-ushuaia","status":"publish","type":"post","link":"https:\/\/hablemosclarotdf.com.ar\/?p=53738","title":{"rendered":"LA DPE REALIZA TAREAS DE REPARACI\u00d3N EN EL TENDIDO EL\u00c9CTRICO EN LA ZONA CENTRO DE USHUAIA"},"content":{"rendered":"<p>La Direcci\u00f3n Provincial de Energ\u00eda informa a la comunidad de Ushuaia que personal de guardia se encuentra realizando tareas de reparaci\u00f3n en la intersecci\u00f3n de las calles Piedra Buena y San Mart\u00edn, debido a da\u00f1os ocasionados en el tendido el\u00e9ctrico por el paso de un cami\u00f3n de gran porte.<\/p>\n<p>Como consecuencia, se registra un corte parcial del servicio y restricci\u00f3n moment\u00e1nea en la circulaci\u00f3n vehicular en el \u00e1rea, mientras los equipos t\u00e9cnicos avanzan en las labores para restablecer el suministro y garantizar la seguridad en la zona.<\/p>\n<p>Se estima que los trabajos demandar\u00e1n aproximadamente una hora y media, tras lo cual el servicio ser\u00e1 restablecido con normalidad.<\/p>\n<p>Se agradece la comprensi\u00f3n de los vecinos y vecinas, y solicita circular con precauci\u00f3n por el sector mientras se desarrollan las tareas.<\/p>\n","protected":false},"excerpt":{"rendered":"<p>La Direcci\u00f3n Provincial de Energ\u00eda informa a la comunidad de Ushuaia que personal de guardia&#8230;<\/p>\n","protected":false},"author":1,"featured_media":53739,"comment_status":"closed","ping_status":"closed","sticky":false,"template":"","format":"standard","meta":{"footnotes":""},"categories":[3],"tags":[],"class_list":["post-53738","post","type-post","status-publish","format-standard","has-post-thumbnail","hentry","category-noticias"],"jetpack_featured_media_url":"https:\/\/hablemosclarotdf.com.ar\/wp-content\/uploads\/2025\/10\/photo_2025-10-07_21-48-05.jpg","_links":{"self":[{"href":"https:\/\/hablemosclarotdf.com.ar\/index.php?rest_route=\/wp\/v2\/posts\/53738","targetHints":{"allow":["GET"]}}],"collection":[{"href":"https:\/\/hablemosclarotdf.com.ar\/index.php?rest_route=\/wp\/v2\/posts"}],"about":[{"href":"https:\/\/hablemosclarotdf.com.ar\/index.php?rest_route=\/wp\/v2\/types\/post"}],"author":[{"embeddable":true,"href":"https:\/\/hablemosclarotdf.com.ar\/index.php?rest_route=\/wp\/v2\/users\/1"}],"replies":[{"embeddable":true,"href":"https:\/\/hablemosclarotdf.com.ar\/index.php?rest_route=%2Fwp%2Fv2%2Fcomments&post=53738"}],"version-history":[{"count":1,"href":"https:\/\/hablemosclarotdf.com.ar\/index.php?rest_route=\/wp\/v2\/posts\/53738\/revisions"}],"predecessor-version":[{"id":53740,"href":"https:\/\/hablemosclarotdf.com.ar\/index.php?rest_route=\/wp\/v2\/posts\/53738\/revisions\/53740"}],"wp:featuredmedia":[{"embeddable":true,"href":"https:\/\/hablemosclarotdf.com.ar\/index.php?rest_route=\/wp\/v2\/media\/53739"}],"wp:attachment":[{"href":"https:\/\/hablemosclarotdf.com.ar\/index.php?rest_route=%2Fwp%2Fv2%2Fmedia&parent=53738"}],"wp:term":[{"taxonomy":"category","embeddable":true,"href":"https:\/\/hablemosclarotdf.com.ar\/index.php?rest_route=%2Fwp%2Fv2%2Fcategories&post=53738"},{"taxonomy":"post_tag","embeddable":true,"href":"https:\/\/hablemosclarotdf.com.ar\/index.php?rest_route=%2Fwp%2Fv2%2Ftags&post=53738"}],"curies":[{"name":"wp","href":"https:\/\/api.w.org\/{rel}","templated":true}]}}