{"id":53722,"date":"2025-10-07T19:32:24","date_gmt":"2025-10-07T22:32:24","guid":{"rendered":"https:\/\/hablemosclarotdf.com.ar\/?p=53722"},"modified":"2025-10-07T19:32:24","modified_gmt":"2025-10-07T22:32:24","slug":"rio-grande-el-municipio-avanza-en-la-construccion-de-una-ciudad-mas-accesible","status":"publish","type":"post","link":"https:\/\/hablemosclarotdf.com.ar\/?p=53722","title":{"rendered":"RIO GRANDE : EL MUNICIPIO AVANZA EN LA CONSTRUCCI\u00d3N DE UNA CIUDAD M\u00c1S ACCESIBLE"},"content":{"rendered":"<p>El Municipio de R\u00edo Grande, a trav\u00e9s de la Secretar\u00eda de G\u00e9nero y Desarrollo Comunitario, llev\u00f3 adelante la Conferencia Internacional \u201cAccesibilidad Cognitiva y Se\u00f1alizaci\u00f3n de Espacios \u2013 R\u00edo Grande, Tierra del Fuego AeIAS\u201d, una propuesta que busc\u00f3 acercar a la comunidad herramientas para favorecer procesos comunicativos accesibles y el acceso equitativo a la informaci\u00f3n.<\/p>\n<p>La actividad se desarroll\u00f3 de manera presencial, con conexi\u00f3n por videoconferencia a cargo de David Romero Corral, asesor del Centro Aragon\u00e9s para la Comunicaci\u00f3n Aumentativa y Alternativa (CAA) &#8211; ARASAAC, perteneciente al Gobierno de Arag\u00f3n, Espa\u00f1a. De la propuesta participaron m\u00e1s de 60 personas, entre agentes municipales, profesionales de la salud, integrantes de la comunidad educativa, familias de personas con discapacidad y miembros de la comunidad en general.<\/p>\n<p>El encuentro tuvo una duraci\u00f3n de dos horas y brind\u00f3 a las y los participantes herramientas y estrategias vinculadas a la asistencia tecnol\u00f3gica y a los sistemas de comunicaci\u00f3n aumentativa y alternativa (CAA), con el prop\u00f3sito de contribuir al desarrollo de una vida plena para las personas con discapacidad u otras condiciones que requieran apoyos.<\/p>\n<p>Desde la organizaci\u00f3n se destac\u00f3 que la comunicaci\u00f3n y el lenguaje son pilares esenciales de la vida social, ya que posibilitan la interacci\u00f3n, el aprendizaje y la participaci\u00f3n. En este sentido, los Sistemas Aumentativos y Alternativos de Comunicaci\u00f3n (SAAC) y los apoyos visuales constituyen recursos fundamentales para garantizar la participaci\u00f3n de personas con discapacidad, personas extranjeras sin dominio del idioma o quienes atraviesan situaciones de analfabetismo.<\/p>\n<p>Asimismo, se subray\u00f3 la importancia de que la comunidad conozca y utilice estos recursos, dado que su implementaci\u00f3n en contextos p\u00fablicos y privados favorece la autonom\u00eda, el desarrollo personal y la participaci\u00f3n activa en distintos \u00e1mbitos de la vida social.<\/p>\n<p>Con un enfoque te\u00f3rico-pr\u00e1ctico, la conferencia promovi\u00f3 la accesibilidad cognitiva a trav\u00e9s del uso de pictogramas y apoyos visuales, impulsando entornos comunicacionales m\u00e1s accesibles e inclusivos, donde todas las personas puedan expresarse y ser comprendidas en igualdad de condiciones.<\/p>\n<p>Mediante estas propuestas, el Municipio de R\u00edo Grande contin\u00faa apostando a la construcci\u00f3n de una ciudad m\u00e1s accesible, inclusiva y emp\u00e1tica, donde la comunicaci\u00f3n y la participaci\u00f3n sean derechos garantizados para todas las personas.<\/p>\n<p><img loading=\"lazy\" decoding=\"async\" class=\"alignnone size-medium wp-image-53724\" src=\"https:\/\/hablemosclarotdf.com.ar\/wp-content\/uploads\/2025\/10\/photo_2025-10-07_19-30-53-300x200.jpg\" alt=\"\" width=\"300\" height=\"200\" srcset=\"https:\/\/hablemosclarotdf.com.ar\/wp-content\/uploads\/2025\/10\/photo_2025-10-07_19-30-53-300x200.jpg 300w, https:\/\/hablemosclarotdf.com.ar\/wp-content\/uploads\/2025\/10\/photo_2025-10-07_19-30-53-1024x682.jpg 1024w, https:\/\/hablemosclarotdf.com.ar\/wp-content\/uploads\/2025\/10\/photo_2025-10-07_19-30-53-768x512.jpg 768w, https:\/\/hablemosclarotdf.com.ar\/wp-content\/uploads\/2025\/10\/photo_2025-10-07_19-30-53.jpg 1280w\" sizes=\"auto, (max-width: 300px) 100vw, 300px\" \/> <img loading=\"lazy\" decoding=\"async\" class=\"alignnone size-medium wp-image-53725\" src=\"https:\/\/hablemosclarotdf.com.ar\/wp-content\/uploads\/2025\/10\/photo_2025-10-07_19-30-57-300x200.jpg\" alt=\"\" width=\"300\" height=\"200\" srcset=\"https:\/\/hablemosclarotdf.com.ar\/wp-content\/uploads\/2025\/10\/photo_2025-10-07_19-30-57-300x200.jpg 300w, https:\/\/hablemosclarotdf.com.ar\/wp-content\/uploads\/2025\/10\/photo_2025-10-07_19-30-57-1024x682.jpg 1024w, https:\/\/hablemosclarotdf.com.ar\/wp-content\/uploads\/2025\/10\/photo_2025-10-07_19-30-57-768x512.jpg 768w, https:\/\/hablemosclarotdf.com.ar\/wp-content\/uploads\/2025\/10\/photo_2025-10-07_19-30-57.jpg 1280w\" sizes=\"auto, (max-width: 300px) 100vw, 300px\" \/><\/p>\n","protected":false},"excerpt":{"rendered":"<p>El Municipio de R\u00edo Grande, a trav\u00e9s de la Secretar\u00eda de G\u00e9nero y Desarrollo Comunitario,&#8230;<\/p>\n","protected":false},"author":1,"featured_media":53723,"comment_status":"closed","ping_status":"closed","sticky":false,"template":"","format":"standard","meta":{"footnotes":""},"categories":[3],"tags":[],"class_list":["post-53722","post","type-post","status-publish","format-standard","has-post-thumbnail","hentry","category-noticias"],"jetpack_featured_media_url":"https:\/\/hablemosclarotdf.com.ar\/wp-content\/uploads\/2025\/10\/photo_2025-10-07_19-30-45.jpg","_links":{"self":[{"href":"https:\/\/hablemosclarotdf.com.ar\/index.php?rest_route=\/wp\/v2\/posts\/53722","targetHints":{"allow":["GET"]}}],"collection":[{"href":"https:\/\/hablemosclarotdf.com.ar\/index.php?rest_route=\/wp\/v2\/posts"}],"about":[{"href":"https:\/\/hablemosclarotdf.com.ar\/index.php?rest_route=\/wp\/v2\/types\/post"}],"author":[{"embeddable":true,"href":"https:\/\/hablemosclarotdf.com.ar\/index.php?rest_route=\/wp\/v2\/users\/1"}],"replies":[{"embeddable":true,"href":"https:\/\/hablemosclarotdf.com.ar\/index.php?rest_route=%2Fwp%2Fv2%2Fcomments&post=53722"}],"version-history":[{"count":1,"href":"https:\/\/hablemosclarotdf.com.ar\/index.php?rest_route=\/wp\/v2\/posts\/53722\/revisions"}],"predecessor-version":[{"id":53726,"href":"https:\/\/hablemosclarotdf.com.ar\/index.php?rest_route=\/wp\/v2\/posts\/53722\/revisions\/53726"}],"wp:featuredmedia":[{"embeddable":true,"href":"https:\/\/hablemosclarotdf.com.ar\/index.php?rest_route=\/wp\/v2\/media\/53723"}],"wp:attachment":[{"href":"https:\/\/hablemosclarotdf.com.ar\/index.php?rest_route=%2Fwp%2Fv2%2Fmedia&parent=53722"}],"wp:term":[{"taxonomy":"category","embeddable":true,"href":"https:\/\/hablemosclarotdf.com.ar\/index.php?rest_route=%2Fwp%2Fv2%2Fcategories&post=53722"},{"taxonomy":"post_tag","embeddable":true,"href":"https:\/\/hablemosclarotdf.com.ar\/index.php?rest_route=%2Fwp%2Fv2%2Ftags&post=53722"}],"curies":[{"name":"wp","href":"https:\/\/api.w.org\/{rel}","templated":true}]}}