{"id":53684,"date":"2025-10-07T15:53:43","date_gmt":"2025-10-07T18:53:43","guid":{"rendered":"https:\/\/hablemosclarotdf.com.ar\/?p=53684"},"modified":"2025-10-07T15:53:43","modified_gmt":"2025-10-07T18:53:43","slug":"ushuaia-la-secretaria-de-cultura-y-educacion-impulso-una-nueva-mesa-de-trabajo-para-la-creacion-de-la-normativa-de-proteccion-al-patrimonio-urbano","status":"publish","type":"post","link":"https:\/\/hablemosclarotdf.com.ar\/?p=53684","title":{"rendered":"USHUAIA : LA SECRETAR\u00cdA DE CULTURA Y EDUCACI\u00d3N IMPULS\u00d3 UNA NUEVA MESA DE TRABAJO PARA LA CREACI\u00d3N DE LA NORMATIVA DE PROTECCI\u00d3N AL PATRIMONIO URBANO"},"content":{"rendered":"<p>Se dialog\u00f3 con actores del sector tur\u00edstico<\/p>\n<p>La Secretar\u00eda de Cultura y Educaci\u00f3n de la Municipalidad de Ushuaia impuls\u00f3 una nueva mesa t\u00e9cnica de trabajo, con el objetivo de continuar diagramando la conformaci\u00f3n de una Normativa de Protecci\u00f3n de Bienes Patrimoniales Urbanos.<br \/>\nDicha reuni\u00f3n, que estuvo abocada a la perspectiva del sector tur\u00edstico sobre la tem\u00e1tica, cont\u00f3 con la participaci\u00f3n de la secretaria de Cultura y Educaci\u00f3n, Bel\u00e9n Molina, la secretaria de Turismo, Viviana Manfredotti, Silvina C\u00e1rdenas de InFueTur, Pablo Tibaudin en representaci\u00f3n de la C\u00e1mara Hotelera Gastron\u00f3mica, Maira Contreras, docente e investigadora de las carreras Tecnicatura y Licenciatura en Turismo de la UNTDF, Ernesto Pianna, antrop\u00f3logo, el equipo de la Direcci\u00f3n de Coordinaci\u00f3n Cultural y Gesti\u00f3n del Patrimonio y vecinas y vecinos autoconvocados.<br \/>\nBel\u00e9n Molina, secretaria de Cultura y Educaci\u00f3n, detall\u00f3 que \u201cparte de este trabajo articulado donde buscamos escuchar a las distintas voces de los sectores involucrados, avanzamos en la identificaci\u00f3n de los bienes urbanos que forman parte de la identidad local y su impacto en las propuestas tur\u00edsticas. Siguiendo la l\u00ednea que nos propone el intendente Walter Vuoto, vamos a seguir trabajando en esta l\u00ednea con el objetivo de conformar una normativa integral, que nos permita tanto determinar los bienes patrimoniales urbanos como los procesos para su preservaci\u00f3n, restauraci\u00f3n y conservaci\u00f3n\u201d.<br \/>\n\u201cEs muy valioso para nosotros contar con las miradas de profesionales y actores y actrices del sector tur\u00edstico, pudiendo determinar el impacto que tienen los bienes patrimoniales urbanos en relaci\u00f3n a Ushuaia y su historia, junto con las normativas que aplican a nivel nacional y provincial, a fin de nutrir este proyecto de miradas heterog\u00e9neas\u201dfinaliz\u00f3 Molina.<\/p>\n<p><img loading=\"lazy\" decoding=\"async\" class=\"alignnone size-medium wp-image-53686\" src=\"https:\/\/hablemosclarotdf.com.ar\/wp-content\/uploads\/2025\/10\/photo_2025-10-07_15-52-08-300x200.jpg\" alt=\"\" width=\"300\" height=\"200\" srcset=\"https:\/\/hablemosclarotdf.com.ar\/wp-content\/uploads\/2025\/10\/photo_2025-10-07_15-52-08-300x200.jpg 300w, https:\/\/hablemosclarotdf.com.ar\/wp-content\/uploads\/2025\/10\/photo_2025-10-07_15-52-08-1024x682.jpg 1024w, https:\/\/hablemosclarotdf.com.ar\/wp-content\/uploads\/2025\/10\/photo_2025-10-07_15-52-08-768x512.jpg 768w, https:\/\/hablemosclarotdf.com.ar\/wp-content\/uploads\/2025\/10\/photo_2025-10-07_15-52-08.jpg 1280w\" sizes=\"auto, (max-width: 300px) 100vw, 300px\" \/> <img loading=\"lazy\" decoding=\"async\" class=\"alignnone size-medium wp-image-53687\" src=\"https:\/\/hablemosclarotdf.com.ar\/wp-content\/uploads\/2025\/10\/photo_2025-10-07_15-52-12-300x200.jpg\" alt=\"\" width=\"300\" height=\"200\" srcset=\"https:\/\/hablemosclarotdf.com.ar\/wp-content\/uploads\/2025\/10\/photo_2025-10-07_15-52-12-300x200.jpg 300w, https:\/\/hablemosclarotdf.com.ar\/wp-content\/uploads\/2025\/10\/photo_2025-10-07_15-52-12-1024x682.jpg 1024w, https:\/\/hablemosclarotdf.com.ar\/wp-content\/uploads\/2025\/10\/photo_2025-10-07_15-52-12-768x512.jpg 768w, https:\/\/hablemosclarotdf.com.ar\/wp-content\/uploads\/2025\/10\/photo_2025-10-07_15-52-12.jpg 1280w\" sizes=\"auto, (max-width: 300px) 100vw, 300px\" \/> <img loading=\"lazy\" decoding=\"async\" class=\"alignnone size-medium wp-image-53688\" src=\"https:\/\/hablemosclarotdf.com.ar\/wp-content\/uploads\/2025\/10\/photo_2025-10-07_15-52-16-300x200.jpg\" alt=\"\" width=\"300\" height=\"200\" srcset=\"https:\/\/hablemosclarotdf.com.ar\/wp-content\/uploads\/2025\/10\/photo_2025-10-07_15-52-16-300x200.jpg 300w, https:\/\/hablemosclarotdf.com.ar\/wp-content\/uploads\/2025\/10\/photo_2025-10-07_15-52-16-1024x682.jpg 1024w, https:\/\/hablemosclarotdf.com.ar\/wp-content\/uploads\/2025\/10\/photo_2025-10-07_15-52-16-768x512.jpg 768w, https:\/\/hablemosclarotdf.com.ar\/wp-content\/uploads\/2025\/10\/photo_2025-10-07_15-52-16.jpg 1280w\" sizes=\"auto, (max-width: 300px) 100vw, 300px\" \/> <img loading=\"lazy\" decoding=\"async\" class=\"alignnone size-medium wp-image-53689\" src=\"https:\/\/hablemosclarotdf.com.ar\/wp-content\/uploads\/2025\/10\/photo_2025-10-07_15-52-20-300x200.jpg\" alt=\"\" width=\"300\" height=\"200\" srcset=\"https:\/\/hablemosclarotdf.com.ar\/wp-content\/uploads\/2025\/10\/photo_2025-10-07_15-52-20-300x200.jpg 300w, https:\/\/hablemosclarotdf.com.ar\/wp-content\/uploads\/2025\/10\/photo_2025-10-07_15-52-20-1024x682.jpg 1024w, https:\/\/hablemosclarotdf.com.ar\/wp-content\/uploads\/2025\/10\/photo_2025-10-07_15-52-20-768x512.jpg 768w, https:\/\/hablemosclarotdf.com.ar\/wp-content\/uploads\/2025\/10\/photo_2025-10-07_15-52-20.jpg 1280w\" sizes=\"auto, (max-width: 300px) 100vw, 300px\" \/><\/p>\n<p>&nbsp;<\/p>\n","protected":false},"excerpt":{"rendered":"<p>Se dialog\u00f3 con actores del sector tur\u00edstico La Secretar\u00eda de Cultura y Educaci\u00f3n de la&#8230;<\/p>\n","protected":false},"author":1,"featured_media":53685,"comment_status":"closed","ping_status":"closed","sticky":false,"template":"","format":"standard","meta":{"footnotes":""},"categories":[3],"tags":[],"class_list":["post-53684","post","type-post","status-publish","format-standard","has-post-thumbnail","hentry","category-noticias"],"jetpack_featured_media_url":"https:\/\/hablemosclarotdf.com.ar\/wp-content\/uploads\/2025\/10\/photo_2025-10-07_15-51-59.jpg","_links":{"self":[{"href":"https:\/\/hablemosclarotdf.com.ar\/index.php?rest_route=\/wp\/v2\/posts\/53684","targetHints":{"allow":["GET"]}}],"collection":[{"href":"https:\/\/hablemosclarotdf.com.ar\/index.php?rest_route=\/wp\/v2\/posts"}],"about":[{"href":"https:\/\/hablemosclarotdf.com.ar\/index.php?rest_route=\/wp\/v2\/types\/post"}],"author":[{"embeddable":true,"href":"https:\/\/hablemosclarotdf.com.ar\/index.php?rest_route=\/wp\/v2\/users\/1"}],"replies":[{"embeddable":true,"href":"https:\/\/hablemosclarotdf.com.ar\/index.php?rest_route=%2Fwp%2Fv2%2Fcomments&post=53684"}],"version-history":[{"count":1,"href":"https:\/\/hablemosclarotdf.com.ar\/index.php?rest_route=\/wp\/v2\/posts\/53684\/revisions"}],"predecessor-version":[{"id":53690,"href":"https:\/\/hablemosclarotdf.com.ar\/index.php?rest_route=\/wp\/v2\/posts\/53684\/revisions\/53690"}],"wp:featuredmedia":[{"embeddable":true,"href":"https:\/\/hablemosclarotdf.com.ar\/index.php?rest_route=\/wp\/v2\/media\/53685"}],"wp:attachment":[{"href":"https:\/\/hablemosclarotdf.com.ar\/index.php?rest_route=%2Fwp%2Fv2%2Fmedia&parent=53684"}],"wp:term":[{"taxonomy":"category","embeddable":true,"href":"https:\/\/hablemosclarotdf.com.ar\/index.php?rest_route=%2Fwp%2Fv2%2Fcategories&post=53684"},{"taxonomy":"post_tag","embeddable":true,"href":"https:\/\/hablemosclarotdf.com.ar\/index.php?rest_route=%2Fwp%2Fv2%2Ftags&post=53684"}],"curies":[{"name":"wp","href":"https:\/\/api.w.org\/{rel}","templated":true}]}}