{"id":53659,"date":"2025-10-07T14:22:54","date_gmt":"2025-10-07T17:22:54","guid":{"rendered":"https:\/\/hablemosclarotdf.com.ar\/?p=53659"},"modified":"2025-10-07T14:22:54","modified_gmt":"2025-10-07T17:22:54","slug":"se-realizo-en-rio-grande-una-nueva-edicion-de-feriantes-del-fin-del-mundo-en-el-mes-de-las-maternidades","status":"publish","type":"post","link":"https:\/\/hablemosclarotdf.com.ar\/?p=53659","title":{"rendered":"SE REALIZ\u00d3 EN R\u00cdO GRANDE UNA NUEVA EDICI\u00d3N DE \u201cFERIANTES DEL FIN DEL MUNDO\u201d EN EL MES DE LAS MATERNIDADES"},"content":{"rendered":"<p>El Gobierno de la provincia, a trav\u00e9s de la Secretar\u00eda de Representaci\u00f3n Pol\u00edtica, llev\u00f3 adelante una nueva edici\u00f3n de \u201cFeriantes del Fin del Mundo\u201d en el marco del Mes de las Maternidades.<\/p>\n<p>En esta edici\u00f3n especial cientos de vecinas y vecinos se acercaron a compartir una jornada que reuni\u00f3 a emprendedores y emprendedoras de diversos rubros, como indumentaria, tecnolog\u00eda, accesorios, artesan\u00edas y gastronom\u00eda local en el gimnasio de la Escuela Provincial N\u00ba2 de R\u00edo Grande.<\/p>\n<p>\u201cEl objetivo de esta nueva edici\u00f3n fue generar un espacio que acompa\u00f1e y fortalezca el trabajo de los emprendedores y feriantes de R\u00edo Grande, brindando una instancia de comercializaci\u00f3n donde la comunidad pueda encontrar el regalo ideal para el D\u00eda de la Madre a precios accesibles\u201d, expres\u00f3 Fernando Padilla, secretario de Coordinaci\u00f3n Pol\u00edtica.<\/p>\n<p><img loading=\"lazy\" decoding=\"async\" class=\"alignnone size-medium wp-image-53661\" src=\"https:\/\/hablemosclarotdf.com.ar\/wp-content\/uploads\/2025\/10\/photo_2025-10-07_14-21-38-300x200.jpg\" alt=\"\" width=\"300\" height=\"200\" srcset=\"https:\/\/hablemosclarotdf.com.ar\/wp-content\/uploads\/2025\/10\/photo_2025-10-07_14-21-38-300x200.jpg 300w, https:\/\/hablemosclarotdf.com.ar\/wp-content\/uploads\/2025\/10\/photo_2025-10-07_14-21-38-1024x682.jpg 1024w, https:\/\/hablemosclarotdf.com.ar\/wp-content\/uploads\/2025\/10\/photo_2025-10-07_14-21-38-768x511.jpg 768w, https:\/\/hablemosclarotdf.com.ar\/wp-content\/uploads\/2025\/10\/photo_2025-10-07_14-21-38.jpg 1280w\" sizes=\"auto, (max-width: 300px) 100vw, 300px\" \/> <img loading=\"lazy\" decoding=\"async\" class=\"alignnone size-medium wp-image-53662\" src=\"https:\/\/hablemosclarotdf.com.ar\/wp-content\/uploads\/2025\/10\/photo_2025-10-07_14-21-42-300x200.jpg\" alt=\"\" width=\"300\" height=\"200\" srcset=\"https:\/\/hablemosclarotdf.com.ar\/wp-content\/uploads\/2025\/10\/photo_2025-10-07_14-21-42-300x200.jpg 300w, https:\/\/hablemosclarotdf.com.ar\/wp-content\/uploads\/2025\/10\/photo_2025-10-07_14-21-42-1024x682.jpg 1024w, https:\/\/hablemosclarotdf.com.ar\/wp-content\/uploads\/2025\/10\/photo_2025-10-07_14-21-42-768x511.jpg 768w, https:\/\/hablemosclarotdf.com.ar\/wp-content\/uploads\/2025\/10\/photo_2025-10-07_14-21-42.jpg 1280w\" sizes=\"auto, (max-width: 300px) 100vw, 300px\" \/><\/p>\n","protected":false},"excerpt":{"rendered":"<p>El Gobierno de la provincia, a trav\u00e9s de la Secretar\u00eda de Representaci\u00f3n Pol\u00edtica, llev\u00f3 adelante&#8230;<\/p>\n","protected":false},"author":1,"featured_media":53660,"comment_status":"closed","ping_status":"closed","sticky":false,"template":"","format":"standard","meta":{"footnotes":""},"categories":[3],"tags":[],"class_list":["post-53659","post","type-post","status-publish","format-standard","has-post-thumbnail","hentry","category-noticias"],"jetpack_featured_media_url":"https:\/\/hablemosclarotdf.com.ar\/wp-content\/uploads\/2025\/10\/photo_2025-10-07_14-21-30.jpg","_links":{"self":[{"href":"https:\/\/hablemosclarotdf.com.ar\/index.php?rest_route=\/wp\/v2\/posts\/53659","targetHints":{"allow":["GET"]}}],"collection":[{"href":"https:\/\/hablemosclarotdf.com.ar\/index.php?rest_route=\/wp\/v2\/posts"}],"about":[{"href":"https:\/\/hablemosclarotdf.com.ar\/index.php?rest_route=\/wp\/v2\/types\/post"}],"author":[{"embeddable":true,"href":"https:\/\/hablemosclarotdf.com.ar\/index.php?rest_route=\/wp\/v2\/users\/1"}],"replies":[{"embeddable":true,"href":"https:\/\/hablemosclarotdf.com.ar\/index.php?rest_route=%2Fwp%2Fv2%2Fcomments&post=53659"}],"version-history":[{"count":1,"href":"https:\/\/hablemosclarotdf.com.ar\/index.php?rest_route=\/wp\/v2\/posts\/53659\/revisions"}],"predecessor-version":[{"id":53663,"href":"https:\/\/hablemosclarotdf.com.ar\/index.php?rest_route=\/wp\/v2\/posts\/53659\/revisions\/53663"}],"wp:featuredmedia":[{"embeddable":true,"href":"https:\/\/hablemosclarotdf.com.ar\/index.php?rest_route=\/wp\/v2\/media\/53660"}],"wp:attachment":[{"href":"https:\/\/hablemosclarotdf.com.ar\/index.php?rest_route=%2Fwp%2Fv2%2Fmedia&parent=53659"}],"wp:term":[{"taxonomy":"category","embeddable":true,"href":"https:\/\/hablemosclarotdf.com.ar\/index.php?rest_route=%2Fwp%2Fv2%2Fcategories&post=53659"},{"taxonomy":"post_tag","embeddable":true,"href":"https:\/\/hablemosclarotdf.com.ar\/index.php?rest_route=%2Fwp%2Fv2%2Ftags&post=53659"}],"curies":[{"name":"wp","href":"https:\/\/api.w.org\/{rel}","templated":true}]}}