{"id":53644,"date":"2025-10-07T12:18:45","date_gmt":"2025-10-07T15:18:45","guid":{"rendered":"https:\/\/hablemosclarotdf.com.ar\/?p=53644"},"modified":"2025-10-07T12:18:45","modified_gmt":"2025-10-07T15:18:45","slug":"blanco-milei-convirtio-la-presidencia-en-un-show-de-rock-para-su-corito-de-salames-y-sus-secuaces-aplaudidores","status":"publish","type":"post","link":"https:\/\/hablemosclarotdf.com.ar\/?p=53644","title":{"rendered":"Blanco: \u201cMilei convirti\u00f3 la presidencia en un show de rock para su corito de salames y sus secuaces aplaudidores\u201d"},"content":{"rendered":"<p>El senador nacional Pablo Daniel Blanco (Tierra del Fuego \u2013 Provincias Unidas) cuestion\u00f3 con firmeza el espect\u00e1culo del presidente Javier Milei en el Movistar Arena, donde el mandatario se present\u00f3 gritando desaforado ante una multitud de seguidores.<\/p>\n<p>\u201cFue un espect\u00e1culo pat\u00e9tico, deplorable. La imagen presidencial se cae a pedazos. Lo que vimos no fue un acto pol\u00edtico ni cultural: fue una falta de respeto a los argentinos que hoy hacen malabares para llegar a fin de mes. Milei convirti\u00f3 la presidencia en un show de rock para su corito de salames y sus secuaces aplaudidores\u201d, afirm\u00f3 Blanco.<\/p>\n<p>El legislador fueguino advirti\u00f3 que mientras millones de familias atraviesan una crisis econ\u00f3mica profunda, el Presidente eligi\u00f3 el camino del espect\u00e1culo y la autopromoci\u00f3n personal.<\/p>\n<p>\u201cEl presidente de la Naci\u00f3n no es un adolescente de gira: es la m\u00e1xima representaci\u00f3n institucional del pa\u00eds. La gente espera soluciones, no recitales pagados con fondos p\u00fablicos. \u00bfQui\u00e9n paga la fiestita? \u00bfPor qu\u00e9 no da explicaciones del caso Libra, de sus candidatos sospechados con v\u00ednculos narcos, de la estafa de los medicamentos?\u201d, subray\u00f3 Blanco.<\/p>\n<p>El senador insisti\u00f3 sobre la gravedad del uso de recursos del Estado para financiar estos eventos:<\/p>\n<p>\u201cEse show berreta lo pagamos todos. No se puede jugar con la plata ni con la dignidad de los argentinos. Verg\u00fcenza ajena: fuera de contexto y de la realidad pol\u00edtica actual, tenemos un presidente que vive en el pa\u00eds de las maravillas\u201d, concluy\u00f3.<\/p>\n","protected":false},"excerpt":{"rendered":"<p>El senador nacional Pablo Daniel Blanco (Tierra del Fuego \u2013 Provincias Unidas) cuestion\u00f3 con firmeza&#8230;<\/p>\n","protected":false},"author":1,"featured_media":53645,"comment_status":"closed","ping_status":"closed","sticky":false,"template":"","format":"standard","meta":{"footnotes":""},"categories":[3],"tags":[],"class_list":["post-53644","post","type-post","status-publish","format-standard","has-post-thumbnail","hentry","category-noticias"],"jetpack_featured_media_url":"https:\/\/hablemosclarotdf.com.ar\/wp-content\/uploads\/2025\/10\/Javier-Milei-Movistar-Arena-libro-La-construccion-del-milagro.jpg","_links":{"self":[{"href":"https:\/\/hablemosclarotdf.com.ar\/index.php?rest_route=\/wp\/v2\/posts\/53644","targetHints":{"allow":["GET"]}}],"collection":[{"href":"https:\/\/hablemosclarotdf.com.ar\/index.php?rest_route=\/wp\/v2\/posts"}],"about":[{"href":"https:\/\/hablemosclarotdf.com.ar\/index.php?rest_route=\/wp\/v2\/types\/post"}],"author":[{"embeddable":true,"href":"https:\/\/hablemosclarotdf.com.ar\/index.php?rest_route=\/wp\/v2\/users\/1"}],"replies":[{"embeddable":true,"href":"https:\/\/hablemosclarotdf.com.ar\/index.php?rest_route=%2Fwp%2Fv2%2Fcomments&post=53644"}],"version-history":[{"count":2,"href":"https:\/\/hablemosclarotdf.com.ar\/index.php?rest_route=\/wp\/v2\/posts\/53644\/revisions"}],"predecessor-version":[{"id":53647,"href":"https:\/\/hablemosclarotdf.com.ar\/index.php?rest_route=\/wp\/v2\/posts\/53644\/revisions\/53647"}],"wp:featuredmedia":[{"embeddable":true,"href":"https:\/\/hablemosclarotdf.com.ar\/index.php?rest_route=\/wp\/v2\/media\/53645"}],"wp:attachment":[{"href":"https:\/\/hablemosclarotdf.com.ar\/index.php?rest_route=%2Fwp%2Fv2%2Fmedia&parent=53644"}],"wp:term":[{"taxonomy":"category","embeddable":true,"href":"https:\/\/hablemosclarotdf.com.ar\/index.php?rest_route=%2Fwp%2Fv2%2Fcategories&post=53644"},{"taxonomy":"post_tag","embeddable":true,"href":"https:\/\/hablemosclarotdf.com.ar\/index.php?rest_route=%2Fwp%2Fv2%2Ftags&post=53644"}],"curies":[{"name":"wp","href":"https:\/\/api.w.org\/{rel}","templated":true}]}}