{"id":53641,"date":"2025-10-07T12:02:47","date_gmt":"2025-10-07T15:02:47","guid":{"rendered":"https:\/\/hablemosclarotdf.com.ar\/?p=53641"},"modified":"2025-10-07T12:02:47","modified_gmt":"2025-10-07T15:02:47","slug":"estan-abiertas-las-inscripciones-al-congreso-internacional-de-atencion-temprana-que-se-realizara-en-tierra-del-fuego","status":"publish","type":"post","link":"https:\/\/hablemosclarotdf.com.ar\/?p=53641","title":{"rendered":"EST\u00c1N ABIERTAS LAS INSCRIPCIONES AL CONGRESO INTERNACIONAL DE ATENCI\u00d3N TEMPRANA QUE SE REALIZAR\u00c1 EN TIERRA DEL FUEGO"},"content":{"rendered":"<p>El Gobierno de Tierra del Fuego, Ant\u00e1rtida e Islas del Atl\u00e1ntico Sur invita a participar del Congreso Internacional de Atenci\u00f3n Temprana que se desarrollar\u00e1 del 6 al 7 de noviembre en Ushuaia.<\/p>\n<p>El evento organizado por el Centro Provincial de Salud Infanto Juvenil (CPSIJ) en articulaci\u00f3n con instituciones acad\u00e9micas y sanitarias nacionales e internacionales, busca fortalecer conocimientos, pr\u00e1cticas y redes institucionales vinculadas al abordaje integral de la primera infancia.<\/p>\n<p>La Atenci\u00f3n Temprana es un campo interdisciplinario fundamental para garantizar el desarrollo de ni\u00f1as y ni\u00f1os de 0 a 6 a\u00f1os, especialmente aquellos que presentan \u2014o se encuentran en riesgo de presentar\u2014 dificultades en su desarrollo. Este enfoque reconoce a la familia como actor central, promoviendo intervenciones en entornos naturales, inclusivas y respetuosas de las particularidades de cada ni\u00f1a\/o y su comunidad.<\/p>\n<p>Durante las jornadas se llevar\u00e1n a cabo conferencias magistrales, mesas redondas, talleres y espacios de intercambio a cargo de referentes internacionales y nacionales de gran trayectoria, entre ellos: la Dra. Margarita Ca\u00f1adas P\u00e9rez (Espa\u00f1a), la Dra. Jennifer Grisham (EE.UU.), la Lic. Mar\u00eda Laura Odero (Argentina), el Dr. Juan Molina (Argentina), Mg. Kadlen Hern\u00e1ndez Mundaca (Chile) y la lic. Constanza Lecaros (Chile).<\/p>\n<p>El Congreso est\u00e1 dirigido a profesionales y equipos t\u00e9cnicos de salud, educaci\u00f3n, bienestar ciudadano y justicia, as\u00ed como a asociaciones de padres, estudiantes de carrera afines, funcionarios y toda la comunidad interesada en la tem\u00e1tica. Adem\u00e1s de constituir un espacio de formaci\u00f3n e intercambio de experiencias, el encuentro otorgar\u00e1 certificados oficiales de asistencia a quienes participen en las distintas instancias.<\/p>\n<p>Con este evento la provincia reafirma su compromiso con la protecci\u00f3n integral de la infancia, la actualizaci\u00f3n cient\u00edfica y la construcci\u00f3n de pol\u00edticas p\u00fablicas que favorezcan trayectorias de vida saludables e inclusivas para ni\u00f1as y ni\u00f1os.<\/p>\n<p>La preinscripci\u00f3n ya se encuentra disponible de manera online. Para m\u00e1s informaci\u00f3n y acceso al formulario, se recomienda consultar las redes oficiales del Ministerio de Salud de Tierra del Fuego.<\/p>\n<p>Link de preinscripci\u00f3n:<\/p>\n<p>https:\/\/forms.gle\/qo6M5FHgWXdViY8aA<\/p>\n","protected":false},"excerpt":{"rendered":"<p>El Gobierno de Tierra del Fuego, Ant\u00e1rtida e Islas del Atl\u00e1ntico Sur invita a participar&#8230;<\/p>\n","protected":false},"author":1,"featured_media":53642,"comment_status":"closed","ping_status":"closed","sticky":false,"template":"","format":"standard","meta":{"footnotes":""},"categories":[3],"tags":[],"class_list":["post-53641","post","type-post","status-publish","format-standard","has-post-thumbnail","hentry","category-noticias"],"jetpack_featured_media_url":"https:\/\/hablemosclarotdf.com.ar\/wp-content\/uploads\/2025\/10\/photo_2025-10-07_12-02-19.jpg","_links":{"self":[{"href":"https:\/\/hablemosclarotdf.com.ar\/index.php?rest_route=\/wp\/v2\/posts\/53641","targetHints":{"allow":["GET"]}}],"collection":[{"href":"https:\/\/hablemosclarotdf.com.ar\/index.php?rest_route=\/wp\/v2\/posts"}],"about":[{"href":"https:\/\/hablemosclarotdf.com.ar\/index.php?rest_route=\/wp\/v2\/types\/post"}],"author":[{"embeddable":true,"href":"https:\/\/hablemosclarotdf.com.ar\/index.php?rest_route=\/wp\/v2\/users\/1"}],"replies":[{"embeddable":true,"href":"https:\/\/hablemosclarotdf.com.ar\/index.php?rest_route=%2Fwp%2Fv2%2Fcomments&post=53641"}],"version-history":[{"count":1,"href":"https:\/\/hablemosclarotdf.com.ar\/index.php?rest_route=\/wp\/v2\/posts\/53641\/revisions"}],"predecessor-version":[{"id":53643,"href":"https:\/\/hablemosclarotdf.com.ar\/index.php?rest_route=\/wp\/v2\/posts\/53641\/revisions\/53643"}],"wp:featuredmedia":[{"embeddable":true,"href":"https:\/\/hablemosclarotdf.com.ar\/index.php?rest_route=\/wp\/v2\/media\/53642"}],"wp:attachment":[{"href":"https:\/\/hablemosclarotdf.com.ar\/index.php?rest_route=%2Fwp%2Fv2%2Fmedia&parent=53641"}],"wp:term":[{"taxonomy":"category","embeddable":true,"href":"https:\/\/hablemosclarotdf.com.ar\/index.php?rest_route=%2Fwp%2Fv2%2Fcategories&post=53641"},{"taxonomy":"post_tag","embeddable":true,"href":"https:\/\/hablemosclarotdf.com.ar\/index.php?rest_route=%2Fwp%2Fv2%2Ftags&post=53641"}],"curies":[{"name":"wp","href":"https:\/\/api.w.org\/{rel}","templated":true}]}}