{"id":53590,"date":"2025-10-06T21:23:32","date_gmt":"2025-10-07T00:23:32","guid":{"rendered":"https:\/\/hablemosclarotdf.com.ar\/?p=53590"},"modified":"2025-10-06T21:23:32","modified_gmt":"2025-10-07T00:23:32","slug":"ushuaia-4-festival-de-salud-mental-redes-y-vinculos","status":"publish","type":"post","link":"https:\/\/hablemosclarotdf.com.ar\/?p=53590","title":{"rendered":"USHUAIA : 4\u00b0 FESTIVAL DE SALUD MENTAL \u201cREDES Y V\u00cdNCULOS\u201d"},"content":{"rendered":"<p>La Municipalidad de Ushuaia invita a participar del 4\u00b0 Festival de Salud Mental \u201cRedes y V\u00ednculos\u201d, que se llevar\u00e1 adelante el s\u00e1bado 11 de octubre en el CePLA-El Palomar (Pablo Imboden 1140).<\/p>\n<p>La propuesta se desarrollar\u00e1 entre las 17 y las 20 horas, con talleres simult\u00e1neos y presentaciones art\u00edsticas que buscan promover la salud mental comunitaria a partir del encuentro, la reflexi\u00f3n y la creaci\u00f3n colectiva.<\/p>\n<p>En el marco de la programaci\u00f3n se ofrecer\u00e1n talleres sobre violencia digital, abordajes comunitarios del padecimiento mental, actividades l\u00fadicas para familias y redes, y propuestas vinculadas al arte y la salud.<\/p>\n<p>El festival contar\u00e1 adem\u00e1s con una grilla de presentaciones art\u00edsticas y comunitarias, entre ellas: Wena Vida, CapcUsh, Dispositivo de Inclusi\u00f3n Laboral en Salud Mental, Centro de D\u00eda Kariaimkem, performance del CENT 11 y la cantante Clara Aquino. El cierre estar\u00e1 dedicado a la proyecci\u00f3n de un video en conmemoraci\u00f3n de la memoria de Fernando Silva.<\/p>\n<p>El encuentro se organiza en articulaci\u00f3n con diferentes dispositivos de salud mental de la ciudad, el CePLA-El Palomar, dependiente de la Secretar\u00eda de Pol\u00edticas Sociales, Sanitarias y Derechos Humanos, CapcUsh, Centro de D\u00eda Kariaimkem (Ministerio de Salud) y el CENT 11 (Ministerio de Educaci\u00f3n).<\/p>\n<p><img loading=\"lazy\" decoding=\"async\" class=\"alignnone size-medium wp-image-53592\" src=\"https:\/\/hablemosclarotdf.com.ar\/wp-content\/uploads\/2025\/10\/photo_2025-10-06_21-20-50-240x300.jpg\" alt=\"\" width=\"240\" height=\"300\" srcset=\"https:\/\/hablemosclarotdf.com.ar\/wp-content\/uploads\/2025\/10\/photo_2025-10-06_21-20-50-240x300.jpg 240w, https:\/\/hablemosclarotdf.com.ar\/wp-content\/uploads\/2025\/10\/photo_2025-10-06_21-20-50-819x1024.jpg 819w, https:\/\/hablemosclarotdf.com.ar\/wp-content\/uploads\/2025\/10\/photo_2025-10-06_21-20-50-768x960.jpg 768w, https:\/\/hablemosclarotdf.com.ar\/wp-content\/uploads\/2025\/10\/photo_2025-10-06_21-20-50.jpg 1024w\" sizes=\"auto, (max-width: 240px) 100vw, 240px\" \/> <img loading=\"lazy\" decoding=\"async\" class=\"alignnone size-medium wp-image-53593\" src=\"https:\/\/hablemosclarotdf.com.ar\/wp-content\/uploads\/2025\/10\/photo_2025-10-06_21-21-01-169x300.jpg\" alt=\"\" width=\"169\" height=\"300\" srcset=\"https:\/\/hablemosclarotdf.com.ar\/wp-content\/uploads\/2025\/10\/photo_2025-10-06_21-21-01-169x300.jpg 169w, https:\/\/hablemosclarotdf.com.ar\/wp-content\/uploads\/2025\/10\/photo_2025-10-06_21-21-01-576x1024.jpg 576w, https:\/\/hablemosclarotdf.com.ar\/wp-content\/uploads\/2025\/10\/photo_2025-10-06_21-21-01.jpg 720w\" sizes=\"auto, (max-width: 169px) 100vw, 169px\" \/> <img loading=\"lazy\" decoding=\"async\" class=\"alignnone size-medium wp-image-53594\" src=\"https:\/\/hablemosclarotdf.com.ar\/wp-content\/uploads\/2025\/10\/photo_2025-10-06_21-21-05-240x300.jpg\" alt=\"\" width=\"240\" height=\"300\" srcset=\"https:\/\/hablemosclarotdf.com.ar\/wp-content\/uploads\/2025\/10\/photo_2025-10-06_21-21-05-240x300.jpg 240w, https:\/\/hablemosclarotdf.com.ar\/wp-content\/uploads\/2025\/10\/photo_2025-10-06_21-21-05-819x1024.jpg 819w, https:\/\/hablemosclarotdf.com.ar\/wp-content\/uploads\/2025\/10\/photo_2025-10-06_21-21-05-768x960.jpg 768w, https:\/\/hablemosclarotdf.com.ar\/wp-content\/uploads\/2025\/10\/photo_2025-10-06_21-21-05.jpg 1024w\" sizes=\"auto, (max-width: 240px) 100vw, 240px\" \/> <img loading=\"lazy\" decoding=\"async\" class=\"alignnone size-medium wp-image-53595\" src=\"https:\/\/hablemosclarotdf.com.ar\/wp-content\/uploads\/2025\/10\/photo_2025-10-06_21-21-09-169x300.jpg\" alt=\"\" width=\"169\" height=\"300\" srcset=\"https:\/\/hablemosclarotdf.com.ar\/wp-content\/uploads\/2025\/10\/photo_2025-10-06_21-21-09-169x300.jpg 169w, https:\/\/hablemosclarotdf.com.ar\/wp-content\/uploads\/2025\/10\/photo_2025-10-06_21-21-09-576x1024.jpg 576w, https:\/\/hablemosclarotdf.com.ar\/wp-content\/uploads\/2025\/10\/photo_2025-10-06_21-21-09.jpg 720w\" sizes=\"auto, (max-width: 169px) 100vw, 169px\" \/> <img loading=\"lazy\" decoding=\"async\" class=\"alignnone size-medium wp-image-53596\" src=\"https:\/\/hablemosclarotdf.com.ar\/wp-content\/uploads\/2025\/10\/photo_2025-10-06_21-21-13-169x300.jpg\" alt=\"\" width=\"169\" height=\"300\" srcset=\"https:\/\/hablemosclarotdf.com.ar\/wp-content\/uploads\/2025\/10\/photo_2025-10-06_21-21-13-169x300.jpg 169w, https:\/\/hablemosclarotdf.com.ar\/wp-content\/uploads\/2025\/10\/photo_2025-10-06_21-21-13-576x1024.jpg 576w, https:\/\/hablemosclarotdf.com.ar\/wp-content\/uploads\/2025\/10\/photo_2025-10-06_21-21-13.jpg 720w\" sizes=\"auto, (max-width: 169px) 100vw, 169px\" \/><\/p>\n","protected":false},"excerpt":{"rendered":"<p>La Municipalidad de Ushuaia invita a participar del 4\u00b0 Festival de Salud Mental \u201cRedes y&#8230;<\/p>\n","protected":false},"author":1,"featured_media":53591,"comment_status":"closed","ping_status":"closed","sticky":false,"template":"","format":"standard","meta":{"footnotes":""},"categories":[3],"tags":[],"class_list":["post-53590","post","type-post","status-publish","format-standard","has-post-thumbnail","hentry","category-noticias"],"jetpack_featured_media_url":"https:\/\/hablemosclarotdf.com.ar\/wp-content\/uploads\/2025\/10\/photo_2025-10-06_21-20-46.jpg","_links":{"self":[{"href":"https:\/\/hablemosclarotdf.com.ar\/index.php?rest_route=\/wp\/v2\/posts\/53590","targetHints":{"allow":["GET"]}}],"collection":[{"href":"https:\/\/hablemosclarotdf.com.ar\/index.php?rest_route=\/wp\/v2\/posts"}],"about":[{"href":"https:\/\/hablemosclarotdf.com.ar\/index.php?rest_route=\/wp\/v2\/types\/post"}],"author":[{"embeddable":true,"href":"https:\/\/hablemosclarotdf.com.ar\/index.php?rest_route=\/wp\/v2\/users\/1"}],"replies":[{"embeddable":true,"href":"https:\/\/hablemosclarotdf.com.ar\/index.php?rest_route=%2Fwp%2Fv2%2Fcomments&post=53590"}],"version-history":[{"count":1,"href":"https:\/\/hablemosclarotdf.com.ar\/index.php?rest_route=\/wp\/v2\/posts\/53590\/revisions"}],"predecessor-version":[{"id":53597,"href":"https:\/\/hablemosclarotdf.com.ar\/index.php?rest_route=\/wp\/v2\/posts\/53590\/revisions\/53597"}],"wp:featuredmedia":[{"embeddable":true,"href":"https:\/\/hablemosclarotdf.com.ar\/index.php?rest_route=\/wp\/v2\/media\/53591"}],"wp:attachment":[{"href":"https:\/\/hablemosclarotdf.com.ar\/index.php?rest_route=%2Fwp%2Fv2%2Fmedia&parent=53590"}],"wp:term":[{"taxonomy":"category","embeddable":true,"href":"https:\/\/hablemosclarotdf.com.ar\/index.php?rest_route=%2Fwp%2Fv2%2Fcategories&post=53590"},{"taxonomy":"post_tag","embeddable":true,"href":"https:\/\/hablemosclarotdf.com.ar\/index.php?rest_route=%2Fwp%2Fv2%2Ftags&post=53590"}],"curies":[{"name":"wp","href":"https:\/\/api.w.org\/{rel}","templated":true}]}}