{"id":53585,"date":"2025-10-06T18:04:24","date_gmt":"2025-10-06T21:04:24","guid":{"rendered":"https:\/\/hablemosclarotdf.com.ar\/?p=53585"},"modified":"2025-10-06T18:04:24","modified_gmt":"2025-10-06T21:04:24","slug":"rio-grande-se-lanza-nueva-etapa-del-programa-municipal-de-salud-visual-2","status":"publish","type":"post","link":"https:\/\/hablemosclarotdf.com.ar\/?p=53585","title":{"rendered":"RIO GRANDE : SE LANZA NUEVA ETAPA DEL PROGRAMA MUNICIPAL DE SALUD VISUAL"},"content":{"rendered":"<p>El Municipio implementa este programa por cuarto a\u00f1o consecutivo con el fin de acompa\u00f1ar a las y los vecinos que m\u00e1s lo necesitan. En esta etapa, se entregar\u00e1n 700 turnos para adolescentes desde los 13 hasta los 17 a\u00f1os que no cuenten con obra social. La inscripci\u00f3n se realizar\u00e1 a trav\u00e9s del link: https:\/\/bit.ly\/46W5XWn. El formulario estar\u00e1 habilitado este martes 7 de octubre, a partir de las 10.00 horas, donde las familias deber\u00e1n ingresar los datos de sus hijos e hijas de manera individual para acceder a las atenciones.<\/p>\n<p>El Municipio lleva adelante con recursos propios el Programa de Salud Visual, una pol\u00edtica p\u00fablica impulsada por el intendente Mart\u00edn Perez que ya se ha consolidado en nuestra ciudad; y que a lo largo de estos a\u00f1os ha permitido que infancias, adolescencias y adultos mayores riograndenses accedan en equidad e igualdad de oportunidades a la salud visual.<\/p>\n<p>Esta nueva etapa del Programa est\u00e1 dirigida exclusivamente a adolescentes de 13 a 17 a\u00f1os que no cuenten con obra social. Las inscripciones comenzar\u00e1n este martes 7 de octubre a trav\u00e9s del link: https:\/\/bit.ly\/46W5XWn. A partir de las 10.00 horas estar\u00e1 habilitado el formulario online con 700 atenciones para asignar.<\/p>\n<p>Los adolescentes realizar\u00e1n sus controles oftalmol\u00f3gicos en los Centros Municipales de Salud N\u00b0 1 y 3, como as\u00ed tambi\u00e9n en el Centro de Especialidades M\u00e9dicas. Tambi\u00e9n recibir\u00e1n un certificado de salud visual y, de acuerdo a los resultados que arrojen los controles, se gestionar\u00e1n y entregar\u00e1n posteriormente los lentes en caso de ser necesario y de manera totalmente gratuita.<\/p>\n<p>Frente al contexto, el Municipio redobla sus esfuerzos y da continuidad a este Programa para garantizar una salud accesible, equitativa y centrada en el cuidado de nuestros j\u00f3venes.<\/p>\n<p><img loading=\"lazy\" decoding=\"async\" class=\"alignnone size-medium wp-image-53587\" src=\"https:\/\/hablemosclarotdf.com.ar\/wp-content\/uploads\/2025\/10\/photo_2025-10-06_18-03-32-300x200.jpg\" alt=\"\" width=\"300\" height=\"200\" srcset=\"https:\/\/hablemosclarotdf.com.ar\/wp-content\/uploads\/2025\/10\/photo_2025-10-06_18-03-32-300x200.jpg 300w, https:\/\/hablemosclarotdf.com.ar\/wp-content\/uploads\/2025\/10\/photo_2025-10-06_18-03-32-1024x683.jpg 1024w, https:\/\/hablemosclarotdf.com.ar\/wp-content\/uploads\/2025\/10\/photo_2025-10-06_18-03-32-768x512.jpg 768w, https:\/\/hablemosclarotdf.com.ar\/wp-content\/uploads\/2025\/10\/photo_2025-10-06_18-03-32.jpg 1280w\" sizes=\"auto, (max-width: 300px) 100vw, 300px\" \/><\/p>\n","protected":false},"excerpt":{"rendered":"<p>El Municipio implementa este programa por cuarto a\u00f1o consecutivo con el fin de acompa\u00f1ar a&#8230;<\/p>\n","protected":false},"author":1,"featured_media":53586,"comment_status":"closed","ping_status":"closed","sticky":false,"template":"","format":"standard","meta":{"footnotes":""},"categories":[3],"tags":[],"class_list":["post-53585","post","type-post","status-publish","format-standard","has-post-thumbnail","hentry","category-noticias"],"jetpack_featured_media_url":"https:\/\/hablemosclarotdf.com.ar\/wp-content\/uploads\/2025\/10\/photo_2025-10-06_18-03-27.jpg","_links":{"self":[{"href":"https:\/\/hablemosclarotdf.com.ar\/index.php?rest_route=\/wp\/v2\/posts\/53585","targetHints":{"allow":["GET"]}}],"collection":[{"href":"https:\/\/hablemosclarotdf.com.ar\/index.php?rest_route=\/wp\/v2\/posts"}],"about":[{"href":"https:\/\/hablemosclarotdf.com.ar\/index.php?rest_route=\/wp\/v2\/types\/post"}],"author":[{"embeddable":true,"href":"https:\/\/hablemosclarotdf.com.ar\/index.php?rest_route=\/wp\/v2\/users\/1"}],"replies":[{"embeddable":true,"href":"https:\/\/hablemosclarotdf.com.ar\/index.php?rest_route=%2Fwp%2Fv2%2Fcomments&post=53585"}],"version-history":[{"count":1,"href":"https:\/\/hablemosclarotdf.com.ar\/index.php?rest_route=\/wp\/v2\/posts\/53585\/revisions"}],"predecessor-version":[{"id":53588,"href":"https:\/\/hablemosclarotdf.com.ar\/index.php?rest_route=\/wp\/v2\/posts\/53585\/revisions\/53588"}],"wp:featuredmedia":[{"embeddable":true,"href":"https:\/\/hablemosclarotdf.com.ar\/index.php?rest_route=\/wp\/v2\/media\/53586"}],"wp:attachment":[{"href":"https:\/\/hablemosclarotdf.com.ar\/index.php?rest_route=%2Fwp%2Fv2%2Fmedia&parent=53585"}],"wp:term":[{"taxonomy":"category","embeddable":true,"href":"https:\/\/hablemosclarotdf.com.ar\/index.php?rest_route=%2Fwp%2Fv2%2Fcategories&post=53585"},{"taxonomy":"post_tag","embeddable":true,"href":"https:\/\/hablemosclarotdf.com.ar\/index.php?rest_route=%2Fwp%2Fv2%2Ftags&post=53585"}],"curies":[{"name":"wp","href":"https:\/\/api.w.org\/{rel}","templated":true}]}}