{"id":53525,"date":"2025-10-06T16:52:12","date_gmt":"2025-10-06T19:52:12","guid":{"rendered":"https:\/\/hablemosclarotdf.com.ar\/?p=53525"},"modified":"2025-10-06T16:52:12","modified_gmt":"2025-10-06T19:52:12","slug":"ushuaia-este-miercoles-y-jueves-se-realizara-la-expo-ushuaia-ciudad-segura","status":"publish","type":"post","link":"https:\/\/hablemosclarotdf.com.ar\/?p=53525","title":{"rendered":"USHUAIA : ESTE MI\u00c9RCOLES Y JUEVES SE REALIZAR\u00c1 LA EXPO USHUAIA CIUDAD SEGURA"},"content":{"rendered":"<p>En el microestadio \u201cCochocho\u201d Vargas<\/p>\n<p>La Municipalidad de Ushuaia, a trav\u00e9s de la Secretar\u00eda de Gobierno, llevar\u00e1 adelante este mi\u00e9rcoles 8 y jueves 9 de octubre en el microestadio Jos\u00e9 \u201cCochocho\u201d Vargas la segunda edici\u00f3n de la Expo Ushuaia Ciudad Segura, una propuesta de difusi\u00f3n e intercambio de pr\u00e1cticas, normativas, tecnolog\u00edas y estrategias orientadas a la construcci\u00f3n de entornos seguros en el \u00e1mbito p\u00fablico y en el privado.<br \/>\nDurante ambas jornadas, de 10 a 17, se realizar\u00e1n demostraciones en tiempo real y habr\u00e1 espacios de consulta especializada para el di\u00e1logo entre organismos, profesionales y la comunidad en general.<br \/>\nLa iniciativa contar\u00e1 con tres principales. Uno de ellos ser\u00e1 el de Seguridad Alimentaria, enfocado en la reducci\u00f3n de riesgos de enfermedades, la promoci\u00f3n de la salud p\u00fablica y el fortalecimiento de un sistema alimentario sostenible. Otro ser\u00e1 el de Seguridad Vial, basado en la prevenci\u00f3n de accidentes y la protecci\u00f3n de la vida. El tercer enfoque ser\u00e1 el de Prevenci\u00f3n y Defensa Civil, con el objetivo de fortalecer la capacidad de respuesta ante emergencias o desastres priorizando la preservaci\u00f3n de la vida humana.<br \/>\nDesde la Secretar\u00eda de Gobierno se invita a vecinos y vecinas de la ciudad a \u201cser parte de una experiencia que busca consolidar una ciudad m\u00e1s segura y preparada a partir de la informaci\u00f3n, la participaci\u00f3n y el trabajo conjunto\u201d.<\/p>\n","protected":false},"excerpt":{"rendered":"<p>En el microestadio \u201cCochocho\u201d Vargas La Municipalidad de Ushuaia, a trav\u00e9s de la Secretar\u00eda de&#8230;<\/p>\n","protected":false},"author":1,"featured_media":53526,"comment_status":"closed","ping_status":"closed","sticky":false,"template":"","format":"standard","meta":{"footnotes":""},"categories":[3],"tags":[],"class_list":["post-53525","post","type-post","status-publish","format-standard","has-post-thumbnail","hentry","category-noticias"],"jetpack_featured_media_url":"https:\/\/hablemosclarotdf.com.ar\/wp-content\/uploads\/2025\/10\/photo_2025-10-06_16-50-15.jpg","_links":{"self":[{"href":"https:\/\/hablemosclarotdf.com.ar\/index.php?rest_route=\/wp\/v2\/posts\/53525","targetHints":{"allow":["GET"]}}],"collection":[{"href":"https:\/\/hablemosclarotdf.com.ar\/index.php?rest_route=\/wp\/v2\/posts"}],"about":[{"href":"https:\/\/hablemosclarotdf.com.ar\/index.php?rest_route=\/wp\/v2\/types\/post"}],"author":[{"embeddable":true,"href":"https:\/\/hablemosclarotdf.com.ar\/index.php?rest_route=\/wp\/v2\/users\/1"}],"replies":[{"embeddable":true,"href":"https:\/\/hablemosclarotdf.com.ar\/index.php?rest_route=%2Fwp%2Fv2%2Fcomments&post=53525"}],"version-history":[{"count":2,"href":"https:\/\/hablemosclarotdf.com.ar\/index.php?rest_route=\/wp\/v2\/posts\/53525\/revisions"}],"predecessor-version":[{"id":53528,"href":"https:\/\/hablemosclarotdf.com.ar\/index.php?rest_route=\/wp\/v2\/posts\/53525\/revisions\/53528"}],"wp:featuredmedia":[{"embeddable":true,"href":"https:\/\/hablemosclarotdf.com.ar\/index.php?rest_route=\/wp\/v2\/media\/53526"}],"wp:attachment":[{"href":"https:\/\/hablemosclarotdf.com.ar\/index.php?rest_route=%2Fwp%2Fv2%2Fmedia&parent=53525"}],"wp:term":[{"taxonomy":"category","embeddable":true,"href":"https:\/\/hablemosclarotdf.com.ar\/index.php?rest_route=%2Fwp%2Fv2%2Fcategories&post=53525"},{"taxonomy":"post_tag","embeddable":true,"href":"https:\/\/hablemosclarotdf.com.ar\/index.php?rest_route=%2Fwp%2Fv2%2Ftags&post=53525"}],"curies":[{"name":"wp","href":"https:\/\/api.w.org\/{rel}","templated":true}]}}