{"id":53493,"date":"2025-10-06T12:11:24","date_gmt":"2025-10-06T15:11:24","guid":{"rendered":"https:\/\/hablemosclarotdf.com.ar\/?p=53493"},"modified":"2025-10-06T12:11:24","modified_gmt":"2025-10-06T15:11:24","slug":"rio-grande-confirmo-su-participacion-en-el-nacional-de-selecciones-gracias-al-apoyo-del-municipio","status":"publish","type":"post","link":"https:\/\/hablemosclarotdf.com.ar\/?p=53493","title":{"rendered":"R\u00cdO GRANDE CONFIRM\u00d3 SU PARTICIPACI\u00d3N EN EL NACIONAL DE SELECCIONES GRACIAS AL APOYO DEL MUNICIPIO"},"content":{"rendered":"<p>As\u00ed lo confirm\u00f3 el secretario de Gobierno, Gast\u00f3n Diaz, en el marco de la Copa Malvinas Argentinas, disputada entre los seleccionados de R\u00edo Grande y Ushuaia. El funcionario destac\u00f3 que \u201cPara esta gesti\u00f3n, el deporte es una prioridad\u201d, afirmaci\u00f3n celebrada por vecinos, vecinas y por el presidente de la Liga, Guillermo Vargas.<\/p>\n<p>Este fin de semana se vivi\u00f3 una nueva edici\u00f3n de la Copa Malvinas Argentinas, torneo que re\u00fane a las selecciones de futsal masculino y femenino de R\u00edo Grande y Ushuaia, en una competencia que trasciende lo deportivo y reafirma el v\u00ednculo entre ciudades fueguinas. La primera jornada se disput\u00f3 el viernes en la Fortaleza Verde, con victoria femenina para R\u00edo Grande por 4 a 2 y empate en el cl\u00e1sico masculino 1 a 1. El s\u00e1bado, los equipos viajaron a Ushuaia: all\u00ed, la selecci\u00f3n femenina local se impuso por 3 a 2, igualando la tabla general, mientras que el masculino de R\u00edo Grande logr\u00f3 una contundente victoria por 5 a 0 como visitante.<\/p>\n<p>El torneo fue organizado de manera conjunta por la Liga de Futsal de R\u00edo Grande y la Liga Ushuaiense, con el acompa\u00f1amiento del Municipio de R\u00edo Grande. Estuvieron presentes el secretario de Gobierno y candidato a senador por Defendamos TDF, Gast\u00f3n D\u00edaz; el gerente ejecutivo de la Agencia Municipal de Deportes, Cultura y Turismo, Sebasti\u00e1n Benda\u00f1a; y el subsecretario de Deportes, Diego Radwanitzer.<\/p>\n<p>Durante el evento, el secretario de Gobierno, Gast\u00f3n D\u00edaz anunci\u00f3 que R\u00edo Grande participar\u00e1 del Torneo Nacional de Selecciones en Misiones, gracias al acompa\u00f1amiento institucional que \u201cpermitir\u00e1 el viaje de una delegaci\u00f3n de 30 personas\u201d.<\/p>\n<p>En este sentido, Sebasti\u00e1n Benda\u00f1a expres\u00f3 \u201cpara nosotros es trascendental no solamente estar presentes en cada situaci\u00f3n deportiva que tiene la ciudad como protagonista, hoy con el futsal como lo hemos hecho durante todo el a\u00f1o, sino tambi\u00e9n con esta decisi\u00f3n pol\u00edtica de acompa\u00f1ar a la selecci\u00f3n en el Nacional, haciendo posible que nos represente con todo lo que eso significa\u201d.<\/p>\n<p>Finalmente, el Subsecretario Diego Radwanitzer destac\u00f3 que \u201cla Copa Malvinas Argentinas puso de manifiesto la pasi\u00f3n con la que Tierra del Fuego vive y siente el futsal. Muestra de ello es que seremos la \u00fanica provincia en llevar dos selecciones al Nacional de Posadas.\u201d<\/p>\n<p>Con este anuncio, R\u00edo Grande reafirma su compromiso con el deporte como pol\u00edtica p\u00fablica, y proyecta su modelo de gesti\u00f3n hacia toda la provincia. La participaci\u00f3n en el Nacional no solo representa un logro deportivo, sino tambi\u00e9n una decisi\u00f3n estrat\u00e9gica que fortalece la identidad fueguina y el protagonismo de la ciudad en el escenario Nacional.<\/p>\n<p><img loading=\"lazy\" decoding=\"async\" class=\"alignnone size-medium wp-image-53495\" src=\"https:\/\/hablemosclarotdf.com.ar\/wp-content\/uploads\/2025\/10\/photo_2025-10-06_12-10-13-300x200.jpg\" alt=\"\" width=\"300\" height=\"200\" srcset=\"https:\/\/hablemosclarotdf.com.ar\/wp-content\/uploads\/2025\/10\/photo_2025-10-06_12-10-13-300x200.jpg 300w, https:\/\/hablemosclarotdf.com.ar\/wp-content\/uploads\/2025\/10\/photo_2025-10-06_12-10-13-1024x683.jpg 1024w, https:\/\/hablemosclarotdf.com.ar\/wp-content\/uploads\/2025\/10\/photo_2025-10-06_12-10-13-768x512.jpg 768w, https:\/\/hablemosclarotdf.com.ar\/wp-content\/uploads\/2025\/10\/photo_2025-10-06_12-10-13.jpg 1280w\" sizes=\"auto, (max-width: 300px) 100vw, 300px\" \/> <img loading=\"lazy\" decoding=\"async\" class=\"alignnone size-medium wp-image-53496\" src=\"https:\/\/hablemosclarotdf.com.ar\/wp-content\/uploads\/2025\/10\/photo_2025-10-06_12-10-17-300x200.jpg\" alt=\"\" width=\"300\" height=\"200\" srcset=\"https:\/\/hablemosclarotdf.com.ar\/wp-content\/uploads\/2025\/10\/photo_2025-10-06_12-10-17-300x200.jpg 300w, https:\/\/hablemosclarotdf.com.ar\/wp-content\/uploads\/2025\/10\/photo_2025-10-06_12-10-17-1024x683.jpg 1024w, https:\/\/hablemosclarotdf.com.ar\/wp-content\/uploads\/2025\/10\/photo_2025-10-06_12-10-17-768x512.jpg 768w, https:\/\/hablemosclarotdf.com.ar\/wp-content\/uploads\/2025\/10\/photo_2025-10-06_12-10-17.jpg 1280w\" sizes=\"auto, (max-width: 300px) 100vw, 300px\" \/> <img loading=\"lazy\" decoding=\"async\" class=\"alignnone size-medium wp-image-53497\" src=\"https:\/\/hablemosclarotdf.com.ar\/wp-content\/uploads\/2025\/10\/photo_2025-10-06_12-10-24-300x185.jpg\" alt=\"\" width=\"300\" height=\"185\" srcset=\"https:\/\/hablemosclarotdf.com.ar\/wp-content\/uploads\/2025\/10\/photo_2025-10-06_12-10-24-300x185.jpg 300w, https:\/\/hablemosclarotdf.com.ar\/wp-content\/uploads\/2025\/10\/photo_2025-10-06_12-10-24-1024x630.jpg 1024w, https:\/\/hablemosclarotdf.com.ar\/wp-content\/uploads\/2025\/10\/photo_2025-10-06_12-10-24-768x473.jpg 768w, https:\/\/hablemosclarotdf.com.ar\/wp-content\/uploads\/2025\/10\/photo_2025-10-06_12-10-24.jpg 1280w\" sizes=\"auto, (max-width: 300px) 100vw, 300px\" \/><\/p>\n","protected":false},"excerpt":{"rendered":"<p>As\u00ed lo confirm\u00f3 el secretario de Gobierno, Gast\u00f3n Diaz, en el marco de la Copa&#8230;<\/p>\n","protected":false},"author":1,"featured_media":53494,"comment_status":"closed","ping_status":"closed","sticky":false,"template":"","format":"standard","meta":{"footnotes":""},"categories":[3],"tags":[],"class_list":["post-53493","post","type-post","status-publish","format-standard","has-post-thumbnail","hentry","category-noticias"],"jetpack_featured_media_url":"https:\/\/hablemosclarotdf.com.ar\/wp-content\/uploads\/2025\/10\/photo_2025-10-06_12-10-09.jpg","_links":{"self":[{"href":"https:\/\/hablemosclarotdf.com.ar\/index.php?rest_route=\/wp\/v2\/posts\/53493","targetHints":{"allow":["GET"]}}],"collection":[{"href":"https:\/\/hablemosclarotdf.com.ar\/index.php?rest_route=\/wp\/v2\/posts"}],"about":[{"href":"https:\/\/hablemosclarotdf.com.ar\/index.php?rest_route=\/wp\/v2\/types\/post"}],"author":[{"embeddable":true,"href":"https:\/\/hablemosclarotdf.com.ar\/index.php?rest_route=\/wp\/v2\/users\/1"}],"replies":[{"embeddable":true,"href":"https:\/\/hablemosclarotdf.com.ar\/index.php?rest_route=%2Fwp%2Fv2%2Fcomments&post=53493"}],"version-history":[{"count":1,"href":"https:\/\/hablemosclarotdf.com.ar\/index.php?rest_route=\/wp\/v2\/posts\/53493\/revisions"}],"predecessor-version":[{"id":53498,"href":"https:\/\/hablemosclarotdf.com.ar\/index.php?rest_route=\/wp\/v2\/posts\/53493\/revisions\/53498"}],"wp:featuredmedia":[{"embeddable":true,"href":"https:\/\/hablemosclarotdf.com.ar\/index.php?rest_route=\/wp\/v2\/media\/53494"}],"wp:attachment":[{"href":"https:\/\/hablemosclarotdf.com.ar\/index.php?rest_route=%2Fwp%2Fv2%2Fmedia&parent=53493"}],"wp:term":[{"taxonomy":"category","embeddable":true,"href":"https:\/\/hablemosclarotdf.com.ar\/index.php?rest_route=%2Fwp%2Fv2%2Fcategories&post=53493"},{"taxonomy":"post_tag","embeddable":true,"href":"https:\/\/hablemosclarotdf.com.ar\/index.php?rest_route=%2Fwp%2Fv2%2Ftags&post=53493"}],"curies":[{"name":"wp","href":"https:\/\/api.w.org\/{rel}","templated":true}]}}