{"id":53480,"date":"2025-10-06T11:02:13","date_gmt":"2025-10-06T14:02:13","guid":{"rendered":"https:\/\/hablemosclarotdf.com.ar\/?p=53480"},"modified":"2025-10-06T11:02:13","modified_gmt":"2025-10-06T14:02:13","slug":"rio-grande-el-municipio-sigue-fortaleciendo-el-vinculo-con-los-vecinos","status":"publish","type":"post","link":"https:\/\/hablemosclarotdf.com.ar\/?p=53480","title":{"rendered":"RIO GRANDE : EL MUNICIPIO  SIGUE FORTALECIENDO EL V\u00cdNCULO CON LOS VECINOS"},"content":{"rendered":"<p>El intendente Mart\u00edn Perez, junto al secretario de Gobierno, Gast\u00f3n D\u00edaz, mantuvieron un encuentro con vecinos y vecinas del barrio Los Cisnes. Durante la reuni\u00f3n dialogaron sobre las necesidades y avances del sector, escucharon inquietudes de la comunidad y compartieron los proyectos que el Municipio impulsa para seguir mejorando la calidad de vida de las familias riograndenses.<\/p>\n<p>El encuentro forma parte de la pol\u00edtica de gesti\u00f3n que lleva adelante el Municipio, basada en la cercan\u00eda y el trabajo conjunto con los vecinos y vecinas de todos los barrios de la ciudad.<\/p>\n<p>\u201cA R\u00edo Grande la construimos todos los d\u00edas entre todos. Ustedes con el esfuerzo de su trabajo, como vecinos y como comunidad. Tenemos que preservar eso, que es lo m\u00e1s valioso que tiene nuestra ciudad: seguir creciendo como comunidad y mejorar la calidad de vida de todos\u201d, expres\u00f3 el intendente Mart\u00edn Perez.<\/p>\n<p>Durante la reuni\u00f3n, el Jefe Comunal record\u00f3 las obras ejecutadas en el barrio desde el inicio de la gesti\u00f3n, especialmente en materia de pavimentaci\u00f3n.<\/p>\n<p>\u201cCuando asumimos, trabajamos en la regularizaci\u00f3n dominial de sus terrenos, pavimentaci\u00f3n de las calles del barrio, con un fuerte acompa\u00f1amiento del Estado Nacional, que en aquel momento impulsaba obras. Hoy la situaci\u00f3n es distinta, el gobierno nacional decidi\u00f3 dejar de acompa\u00f1arnos, pero nuestra decisi\u00f3n es seguir haciendo el mayor esfuerzo posible para seguir haciendo obras y mejorando servicios\u201d, se\u00f1al\u00f3.<\/p>\n<p>Asimismo, el Intendente adelant\u00f3 que el presupuesto municipal del pr\u00f3ximo a\u00f1o incluir\u00e1 nuevas obras para el sector.<\/p>\n<p>\u201cSabemos que hay temas pendientes en el barrio. Vamos a hacer un esfuerzo para tratar de terminar la pavimentaci\u00f3n de las dos cuadras que nos faltan y vamos a incluir la construcci\u00f3n del SUM en el presupuesto del a\u00f1o que viene. Es un compromiso que asumimos y esperamos poder concretarlo antes de que finalice esta gesti\u00f3n\u201d, afirm\u00f3 Perez.<\/p>\n<p>Por su parte, el secretario de Gobierno, Gast\u00f3n D\u00edaz, destac\u00f3 la importancia de mantener un Estado presente y activo en el territorio.<\/p>\n<p>\u201cPara nosotros, un Estado que funciona es aquel que escucha a la gente y lleva soluciones. Del mismo modo que se necesita de la salud p\u00fablica, de la educaci\u00f3n o del transporte, tambi\u00e9n se necesita de un Estado que acompa\u00f1e y d\u00e9 respuestas\u201d, sostuvo.<\/p>\n<p>\u201cEstas reuniones son parte de una decisi\u00f3n pol\u00edtica que impulsa el Intendente, pero tambi\u00e9n una oportunidad para escuchar, tanto de nuestra parte como de ustedes. Por eso, les agradecemos por participar y por confiar en este espacio de di\u00e1logo\u201d, agreg\u00f3 el funcionario.<\/p>\n<p>De esta manera, el Municipio de R\u00edo Grande contin\u00faa fortaleciendo los lazos con la comunidad y reafirmando su compromiso con el desarrollo integral de cada barrio, escuchando a los vecinos y construyendo respuestas junto a ellos.<\/p>\n<p><img loading=\"lazy\" decoding=\"async\" class=\"alignnone size-medium wp-image-53482\" src=\"https:\/\/hablemosclarotdf.com.ar\/wp-content\/uploads\/2025\/10\/photo_2025-10-06_11-00-33-300x200.jpg\" alt=\"\" width=\"300\" height=\"200\" srcset=\"https:\/\/hablemosclarotdf.com.ar\/wp-content\/uploads\/2025\/10\/photo_2025-10-06_11-00-33-300x200.jpg 300w, https:\/\/hablemosclarotdf.com.ar\/wp-content\/uploads\/2025\/10\/photo_2025-10-06_11-00-33-1024x683.jpg 1024w, https:\/\/hablemosclarotdf.com.ar\/wp-content\/uploads\/2025\/10\/photo_2025-10-06_11-00-33-768x512.jpg 768w, https:\/\/hablemosclarotdf.com.ar\/wp-content\/uploads\/2025\/10\/photo_2025-10-06_11-00-33.jpg 1280w\" sizes=\"auto, (max-width: 300px) 100vw, 300px\" \/> <img loading=\"lazy\" decoding=\"async\" class=\"alignnone size-medium wp-image-53483\" src=\"https:\/\/hablemosclarotdf.com.ar\/wp-content\/uploads\/2025\/10\/photo_2025-10-06_11-00-38-300x200.jpg\" alt=\"\" width=\"300\" height=\"200\" srcset=\"https:\/\/hablemosclarotdf.com.ar\/wp-content\/uploads\/2025\/10\/photo_2025-10-06_11-00-38-300x200.jpg 300w, https:\/\/hablemosclarotdf.com.ar\/wp-content\/uploads\/2025\/10\/photo_2025-10-06_11-00-38-1024x683.jpg 1024w, https:\/\/hablemosclarotdf.com.ar\/wp-content\/uploads\/2025\/10\/photo_2025-10-06_11-00-38-768x512.jpg 768w, https:\/\/hablemosclarotdf.com.ar\/wp-content\/uploads\/2025\/10\/photo_2025-10-06_11-00-38.jpg 1280w\" sizes=\"auto, (max-width: 300px) 100vw, 300px\" \/> <img loading=\"lazy\" decoding=\"async\" class=\"alignnone size-medium wp-image-53484\" src=\"https:\/\/hablemosclarotdf.com.ar\/wp-content\/uploads\/2025\/10\/photo_2025-10-06_11-00-42-300x200.jpg\" alt=\"\" width=\"300\" height=\"200\" srcset=\"https:\/\/hablemosclarotdf.com.ar\/wp-content\/uploads\/2025\/10\/photo_2025-10-06_11-00-42-300x200.jpg 300w, https:\/\/hablemosclarotdf.com.ar\/wp-content\/uploads\/2025\/10\/photo_2025-10-06_11-00-42-1024x683.jpg 1024w, https:\/\/hablemosclarotdf.com.ar\/wp-content\/uploads\/2025\/10\/photo_2025-10-06_11-00-42-768x512.jpg 768w, https:\/\/hablemosclarotdf.com.ar\/wp-content\/uploads\/2025\/10\/photo_2025-10-06_11-00-42.jpg 1280w\" sizes=\"auto, (max-width: 300px) 100vw, 300px\" \/><\/p>\n","protected":false},"excerpt":{"rendered":"<p>El intendente Mart\u00edn Perez, junto al secretario de Gobierno, Gast\u00f3n D\u00edaz, mantuvieron un encuentro con&#8230;<\/p>\n","protected":false},"author":1,"featured_media":53481,"comment_status":"closed","ping_status":"closed","sticky":false,"template":"","format":"standard","meta":{"footnotes":""},"categories":[3],"tags":[],"class_list":["post-53480","post","type-post","status-publish","format-standard","has-post-thumbnail","hentry","category-noticias"],"jetpack_featured_media_url":"https:\/\/hablemosclarotdf.com.ar\/wp-content\/uploads\/2025\/10\/photo_2025-10-06_11-00-28.jpg","_links":{"self":[{"href":"https:\/\/hablemosclarotdf.com.ar\/index.php?rest_route=\/wp\/v2\/posts\/53480","targetHints":{"allow":["GET"]}}],"collection":[{"href":"https:\/\/hablemosclarotdf.com.ar\/index.php?rest_route=\/wp\/v2\/posts"}],"about":[{"href":"https:\/\/hablemosclarotdf.com.ar\/index.php?rest_route=\/wp\/v2\/types\/post"}],"author":[{"embeddable":true,"href":"https:\/\/hablemosclarotdf.com.ar\/index.php?rest_route=\/wp\/v2\/users\/1"}],"replies":[{"embeddable":true,"href":"https:\/\/hablemosclarotdf.com.ar\/index.php?rest_route=%2Fwp%2Fv2%2Fcomments&post=53480"}],"version-history":[{"count":1,"href":"https:\/\/hablemosclarotdf.com.ar\/index.php?rest_route=\/wp\/v2\/posts\/53480\/revisions"}],"predecessor-version":[{"id":53485,"href":"https:\/\/hablemosclarotdf.com.ar\/index.php?rest_route=\/wp\/v2\/posts\/53480\/revisions\/53485"}],"wp:featuredmedia":[{"embeddable":true,"href":"https:\/\/hablemosclarotdf.com.ar\/index.php?rest_route=\/wp\/v2\/media\/53481"}],"wp:attachment":[{"href":"https:\/\/hablemosclarotdf.com.ar\/index.php?rest_route=%2Fwp%2Fv2%2Fmedia&parent=53480"}],"wp:term":[{"taxonomy":"category","embeddable":true,"href":"https:\/\/hablemosclarotdf.com.ar\/index.php?rest_route=%2Fwp%2Fv2%2Fcategories&post=53480"},{"taxonomy":"post_tag","embeddable":true,"href":"https:\/\/hablemosclarotdf.com.ar\/index.php?rest_route=%2Fwp%2Fv2%2Ftags&post=53480"}],"curies":[{"name":"wp","href":"https:\/\/api.w.org\/{rel}","templated":true}]}}