{"id":53477,"date":"2025-10-06T10:57:47","date_gmt":"2025-10-06T13:57:47","guid":{"rendered":"https:\/\/hablemosclarotdf.com.ar\/?p=53477"},"modified":"2025-10-06T10:57:47","modified_gmt":"2025-10-06T13:57:47","slug":"ushuaia-abren-las-inscripciones-al-taller-municipal-de-lengua-de-senas","status":"publish","type":"post","link":"https:\/\/hablemosclarotdf.com.ar\/?p=53477","title":{"rendered":"USHUAIA : ABREN LAS INSCRIPCIONES AL TALLER MUNICIPAL DE \u201cLENGUA DE SE\u00d1AS\u201d"},"content":{"rendered":"<p>La iniciativa est\u00e1 destinada a mayores de 16 a\u00f1os<\/p>\n<p>La Secretar\u00eda de Cultura y Educaci\u00f3n de la Municipalidad de Ushuaia informa a vecinos y vecinas que se encuentran abiertas las inscripciones al taller de \u201cLengua de Se\u00f1as\u201d a cargo de la profesora Marta Lacuadra.<br \/>\nLa propuesta, que se dictar\u00e1 en el espacio de los Talleres Culturales Municipales de calle Fagnano N\u00b0 486, est\u00e1 destinada a adolescentes mayores de 16 a\u00f1os y adultos contando con dos grupos: los d\u00edas lunes y viernes de 11:30 a 12:30 y de 18:00 a 19:00 horas. Qui\u00e9nes deseen inscribirse, podr\u00e1n hacerlo v\u00eda WhatsApp al 2901-400987.<br \/>\nVanina Ojeda, subsecretaria de Cultura, detall\u00f3 que \u201csiguiendo con esta decisi\u00f3n pol\u00edtica que impulsa el intendente Walter Vuoto de ofrecer espacios de aprendizaje para los vecinos y vecinas, nos pone muy contentos impulsar nuevamente este taller que busca a trav\u00e9s de la inclusi\u00f3n y la integraci\u00f3n, brindar herramientas para la comunicaci\u00f3n con personas sordas, hipoac\u00fasicas y con trastornos del habla\u201d.<br \/>\nPara conocer m\u00e1s sobre el Taller de \u201cLengua de Se\u00f1as\u201d, as\u00ed como los diversos talleres culturales que la Municipalidad de Ushuaia impulsa, las y los interesados podr\u00e1n contactarse al WhatsApp 2901-400987 o visitar las redes sociales de la Secretar\u00eda de Cultura y Educaci\u00f3n en @culturayeducacionush.<\/p>\n","protected":false},"excerpt":{"rendered":"<p>La iniciativa est\u00e1 destinada a mayores de 16 a\u00f1os La Secretar\u00eda de Cultura y Educaci\u00f3n&#8230;<\/p>\n","protected":false},"author":1,"featured_media":53478,"comment_status":"closed","ping_status":"closed","sticky":false,"template":"","format":"standard","meta":{"footnotes":""},"categories":[3],"tags":[],"class_list":["post-53477","post","type-post","status-publish","format-standard","has-post-thumbnail","hentry","category-noticias"],"jetpack_featured_media_url":"https:\/\/hablemosclarotdf.com.ar\/wp-content\/uploads\/2025\/10\/photo_2025-10-06_10-57-03.jpg","_links":{"self":[{"href":"https:\/\/hablemosclarotdf.com.ar\/index.php?rest_route=\/wp\/v2\/posts\/53477","targetHints":{"allow":["GET"]}}],"collection":[{"href":"https:\/\/hablemosclarotdf.com.ar\/index.php?rest_route=\/wp\/v2\/posts"}],"about":[{"href":"https:\/\/hablemosclarotdf.com.ar\/index.php?rest_route=\/wp\/v2\/types\/post"}],"author":[{"embeddable":true,"href":"https:\/\/hablemosclarotdf.com.ar\/index.php?rest_route=\/wp\/v2\/users\/1"}],"replies":[{"embeddable":true,"href":"https:\/\/hablemosclarotdf.com.ar\/index.php?rest_route=%2Fwp%2Fv2%2Fcomments&post=53477"}],"version-history":[{"count":1,"href":"https:\/\/hablemosclarotdf.com.ar\/index.php?rest_route=\/wp\/v2\/posts\/53477\/revisions"}],"predecessor-version":[{"id":53479,"href":"https:\/\/hablemosclarotdf.com.ar\/index.php?rest_route=\/wp\/v2\/posts\/53477\/revisions\/53479"}],"wp:featuredmedia":[{"embeddable":true,"href":"https:\/\/hablemosclarotdf.com.ar\/index.php?rest_route=\/wp\/v2\/media\/53478"}],"wp:attachment":[{"href":"https:\/\/hablemosclarotdf.com.ar\/index.php?rest_route=%2Fwp%2Fv2%2Fmedia&parent=53477"}],"wp:term":[{"taxonomy":"category","embeddable":true,"href":"https:\/\/hablemosclarotdf.com.ar\/index.php?rest_route=%2Fwp%2Fv2%2Fcategories&post=53477"},{"taxonomy":"post_tag","embeddable":true,"href":"https:\/\/hablemosclarotdf.com.ar\/index.php?rest_route=%2Fwp%2Fv2%2Ftags&post=53477"}],"curies":[{"name":"wp","href":"https:\/\/api.w.org\/{rel}","templated":true}]}}