{"id":53387,"date":"2025-10-05T18:07:35","date_gmt":"2025-10-05T21:07:35","guid":{"rendered":"https:\/\/hablemosclarotdf.com.ar\/?p=53387"},"modified":"2025-10-05T18:07:35","modified_gmt":"2025-10-05T21:07:35","slug":"el-gobierno-fortalece-su-presencia-territorial-con-nuevas-capacitaciones-de-inclusion-laboral-en-ushuaia","status":"publish","type":"post","link":"https:\/\/hablemosclarotdf.com.ar\/?p=53387","title":{"rendered":"EL GOBIERNO FORTALECE SU PRESENCIA TERRITORIAL CON NUEVAS CAPACITACIONES DE INCLUSI\u00d3N LABORAL EN USHUAIA"},"content":{"rendered":"<p>El Ministerio de Trabajo y Empleo contin\u00faa desarrollando una agenda sostenida de capacitaciones integrales en inclusi\u00f3n laboral, orientadas a fortalecer las oportunidades de empleo y acompa\u00f1ar a los sectores que m\u00e1s lo necesitan.<\/p>\n<p>En esta l\u00ednea, y gracias al trabajo articulado con la Subsecretar\u00eda de Cultos, se llevaron adelante instancias abiertas al p\u00fablico en general, con una amplia participaci\u00f3n de vecinos y vecinas. A su vez, mediante un trabajo conjunto con la Direcci\u00f3n de Abordaje Territorial Zona Sur, se realiz\u00f3 una capacitaci\u00f3n destinada espec\u00edficamente a comedores comunitarios, espacios que cumplen un rol central en la asistencia y la organizaci\u00f3n barrial.<\/p>\n<p>Del mismo modo, en coordinaci\u00f3n con la Subsecretar\u00eda de Discapacidad, se concret\u00f3 un encuentro orientado a personas con discapacidad, con el fin de brindarles mayores herramientas que fortalezcan su inclusi\u00f3n laboral.<\/p>\n<p>El objetivo central de estas acciones es acercar los servicios que brinda la cartera laboral a los barrios y espacios comunitarios, tanto para quienes est\u00e1n en la b\u00fasqueda de empleo como para trabajadores que requieren informaci\u00f3n sobre situaciones de violencia y acoso laboral, derechos laborales e higiene y seguridad en el trabajo.<\/p>\n<p>Al respecto, la subsecretaria de Pol\u00edticas y Vinculaci\u00f3n Comunitaria, Paola Andrea Barros, subray\u00f3 el valor de la articulaci\u00f3n con otras \u00e1reas de gobierno para que estas capacitaciones lleguen cada vez a m\u00e1s lugares y a m\u00e1s personas. \u201cEste esfuerzo colectivo fortalece la presencia del Estado en el territorio y multiplica el alcance. Nuestro compromiso es estar cerca de la gente, acompa\u00f1ando con propuestas que combinan formaci\u00f3n t\u00e9cnica con espacios de escucha y de acompa\u00f1amiento\u201d, afirm\u00f3 la funcionaria.<\/p>\n<p>Durante octubre, las capacitaciones tendr\u00e1n nuevas instancias. El mi\u00e9rcoles 8 se realizar\u00e1 un encuentro en el anexo del Centro Educativo de Nivel Secundario N\u00b0 15, ubicado en la calle Bah\u00eda de los Abrigos 3050, a partir de las 20 horas. Gracias al trabajo conjunto con la Direcci\u00f3n Provincial de J\u00f3venes y Adultos del Ministerio de Educaci\u00f3n, esta propuesta se extender\u00e1 tambi\u00e9n a otros CENS de la provincia, ampliando su alcance y garantizando que m\u00e1s estudiantes accedan a estas herramientas.<\/p>\n<p>Asimismo, el viernes 24 de octubre se llevar\u00e1 adelante una Jornada de Orientaci\u00f3n Laboral destinada a hijos de agentes de la administraci\u00f3n p\u00fablica, de entre 17 y 25 a\u00f1os, en articulaci\u00f3n con el Ministerio de Capital Humano. La actividad se desarrollar\u00e1 de 10 a 14 horas en las instalaciones del IPRA, y busca acompa\u00f1ar a j\u00f3venes en su primer acercamiento al mundo del trabajo, con herramientas pr\u00e1cticas y asesoramiento profesional.<\/p>\n<p>Las capacitaciones son dictadas por un equipo interdisciplinario del Ministerio de Trabajo y Empleo, integrado por profesionales en recursos humanos, derecho laboral, higiene y seguridad, y referentes de la Oficina Provincial de Atenci\u00f3n y Tratamiento de Violencia y\/o Acoso Laboral (OPAVAL). Cada jornada busca construir oportunidades y fortalecer la empleabilidad de los participantes.<\/p>\n<p><img loading=\"lazy\" decoding=\"async\" class=\"alignnone size-medium wp-image-53389\" src=\"https:\/\/hablemosclarotdf.com.ar\/wp-content\/uploads\/2025\/10\/photo_2025-10-05_18-06-38-225x300.jpg\" alt=\"\" width=\"225\" height=\"300\" srcset=\"https:\/\/hablemosclarotdf.com.ar\/wp-content\/uploads\/2025\/10\/photo_2025-10-05_18-06-38-225x300.jpg 225w, https:\/\/hablemosclarotdf.com.ar\/wp-content\/uploads\/2025\/10\/photo_2025-10-05_18-06-38-768x1024.jpg 768w, https:\/\/hablemosclarotdf.com.ar\/wp-content\/uploads\/2025\/10\/photo_2025-10-05_18-06-38.jpg 960w\" sizes=\"auto, (max-width: 225px) 100vw, 225px\" \/> <img loading=\"lazy\" decoding=\"async\" class=\"alignnone size-medium wp-image-53390\" src=\"https:\/\/hablemosclarotdf.com.ar\/wp-content\/uploads\/2025\/10\/photo_2025-10-05_18-06-42-300x225.jpg\" alt=\"\" width=\"300\" height=\"225\" srcset=\"https:\/\/hablemosclarotdf.com.ar\/wp-content\/uploads\/2025\/10\/photo_2025-10-05_18-06-42-300x225.jpg 300w, https:\/\/hablemosclarotdf.com.ar\/wp-content\/uploads\/2025\/10\/photo_2025-10-05_18-06-42-1024x768.jpg 1024w, https:\/\/hablemosclarotdf.com.ar\/wp-content\/uploads\/2025\/10\/photo_2025-10-05_18-06-42-768x576.jpg 768w, https:\/\/hablemosclarotdf.com.ar\/wp-content\/uploads\/2025\/10\/photo_2025-10-05_18-06-42.jpg 1179w\" sizes=\"auto, (max-width: 300px) 100vw, 300px\" \/><\/p>\n","protected":false},"excerpt":{"rendered":"<p>El Ministerio de Trabajo y Empleo contin\u00faa desarrollando una agenda sostenida de capacitaciones integrales en&#8230;<\/p>\n","protected":false},"author":1,"featured_media":53388,"comment_status":"closed","ping_status":"closed","sticky":false,"template":"","format":"standard","meta":{"footnotes":""},"categories":[3],"tags":[],"class_list":["post-53387","post","type-post","status-publish","format-standard","has-post-thumbnail","hentry","category-noticias"],"jetpack_featured_media_url":"https:\/\/hablemosclarotdf.com.ar\/wp-content\/uploads\/2025\/10\/photo_2025-10-05_18-06-27.jpg","_links":{"self":[{"href":"https:\/\/hablemosclarotdf.com.ar\/index.php?rest_route=\/wp\/v2\/posts\/53387","targetHints":{"allow":["GET"]}}],"collection":[{"href":"https:\/\/hablemosclarotdf.com.ar\/index.php?rest_route=\/wp\/v2\/posts"}],"about":[{"href":"https:\/\/hablemosclarotdf.com.ar\/index.php?rest_route=\/wp\/v2\/types\/post"}],"author":[{"embeddable":true,"href":"https:\/\/hablemosclarotdf.com.ar\/index.php?rest_route=\/wp\/v2\/users\/1"}],"replies":[{"embeddable":true,"href":"https:\/\/hablemosclarotdf.com.ar\/index.php?rest_route=%2Fwp%2Fv2%2Fcomments&post=53387"}],"version-history":[{"count":1,"href":"https:\/\/hablemosclarotdf.com.ar\/index.php?rest_route=\/wp\/v2\/posts\/53387\/revisions"}],"predecessor-version":[{"id":53391,"href":"https:\/\/hablemosclarotdf.com.ar\/index.php?rest_route=\/wp\/v2\/posts\/53387\/revisions\/53391"}],"wp:featuredmedia":[{"embeddable":true,"href":"https:\/\/hablemosclarotdf.com.ar\/index.php?rest_route=\/wp\/v2\/media\/53388"}],"wp:attachment":[{"href":"https:\/\/hablemosclarotdf.com.ar\/index.php?rest_route=%2Fwp%2Fv2%2Fmedia&parent=53387"}],"wp:term":[{"taxonomy":"category","embeddable":true,"href":"https:\/\/hablemosclarotdf.com.ar\/index.php?rest_route=%2Fwp%2Fv2%2Fcategories&post=53387"},{"taxonomy":"post_tag","embeddable":true,"href":"https:\/\/hablemosclarotdf.com.ar\/index.php?rest_route=%2Fwp%2Fv2%2Ftags&post=53387"}],"curies":[{"name":"wp","href":"https:\/\/api.w.org\/{rel}","templated":true}]}}