{"id":53221,"date":"2025-10-04T16:46:04","date_gmt":"2025-10-04T19:46:04","guid":{"rendered":"https:\/\/hablemosclarotdf.com.ar\/?p=53221"},"modified":"2025-10-04T16:46:04","modified_gmt":"2025-10-04T19:46:04","slug":"gobierno-provincial-junto-a-cadic-conicet-avanzan-en-la-investigacion-por-un-varamiento-de-orcas-en-bahia-san-sebastian","status":"publish","type":"post","link":"https:\/\/hablemosclarotdf.com.ar\/?p=53221","title":{"rendered":"GOBIERNO PROVINCIAL JUNTO A CADIC-CONICET AVANZAN EN LA INVESTIGACI\u00d3N POR UN VARAMIENTO DE ORCAS EN BAH\u00cdA SAN SEBASTI\u00c1N"},"content":{"rendered":"<p>La Secretar\u00eda de Ambiente y la Direcci\u00f3n General de Biodiversidad y Conservaci\u00f3n, informa que guardaparques provinciales detectaron un varamiento de orcas en un sector de la bah\u00eda San Sebasti\u00e1n, dentro de la Reserva Provincial Costa Atl\u00e1ntica.<\/p>\n<p>De acuerdo con el protocolo vigente, se dio aviso al equipo de investigaci\u00f3n del CADIC-CONICET, que actualmente se encuentra tomando muestras para determinar las causas del evento. Seg\u00fan lo informado por investigadoras del proyecto IMMA (Proyecto de Investigaciones en Mam\u00edferos Marinos Australes), corresponder\u00eda a un fen\u00f3meno natural, aunque a\u00fan resta el an\u00e1lisis de laboratorio correspondiente.<\/p>\n<p>En el marco de la Red Federal de Varamiento de Fauna Marina, se realizaron las consultas oficiales al referente nacional, a fin de conocer si existen registros similares en otras provincias o en sectores del territorio argentino, incluidas la Ant\u00e1rtida e Islas Malvinas.<\/p>\n<p>La Secretar\u00eda de Ambiente recuerda a la comunidad que, en caso de hallazgos de fauna marina en la costa, no deben trasladar a los animales, tocarlos ni forzarlos a regresar al mar. A su vez, debe mantenerse siempre la distancia y evitar el contacto con ejemplares muertos, ya que pueden transmitir enfermedades.<\/p>\n<p>Ante una emergencia, se solicita comunicarse de inmediato al 103 o 911.<\/p>\n","protected":false},"excerpt":{"rendered":"<p>La Secretar\u00eda de Ambiente y la Direcci\u00f3n General de Biodiversidad y Conservaci\u00f3n, informa que guardaparques&#8230;<\/p>\n","protected":false},"author":1,"featured_media":53222,"comment_status":"closed","ping_status":"closed","sticky":false,"template":"","format":"standard","meta":{"footnotes":""},"categories":[3],"tags":[],"class_list":["post-53221","post","type-post","status-publish","format-standard","has-post-thumbnail","hentry","category-noticias"],"jetpack_featured_media_url":"https:\/\/hablemosclarotdf.com.ar\/wp-content\/uploads\/2025\/10\/photo_2025-10-04_16-45-35.jpg","_links":{"self":[{"href":"https:\/\/hablemosclarotdf.com.ar\/index.php?rest_route=\/wp\/v2\/posts\/53221","targetHints":{"allow":["GET"]}}],"collection":[{"href":"https:\/\/hablemosclarotdf.com.ar\/index.php?rest_route=\/wp\/v2\/posts"}],"about":[{"href":"https:\/\/hablemosclarotdf.com.ar\/index.php?rest_route=\/wp\/v2\/types\/post"}],"author":[{"embeddable":true,"href":"https:\/\/hablemosclarotdf.com.ar\/index.php?rest_route=\/wp\/v2\/users\/1"}],"replies":[{"embeddable":true,"href":"https:\/\/hablemosclarotdf.com.ar\/index.php?rest_route=%2Fwp%2Fv2%2Fcomments&post=53221"}],"version-history":[{"count":1,"href":"https:\/\/hablemosclarotdf.com.ar\/index.php?rest_route=\/wp\/v2\/posts\/53221\/revisions"}],"predecessor-version":[{"id":53223,"href":"https:\/\/hablemosclarotdf.com.ar\/index.php?rest_route=\/wp\/v2\/posts\/53221\/revisions\/53223"}],"wp:featuredmedia":[{"embeddable":true,"href":"https:\/\/hablemosclarotdf.com.ar\/index.php?rest_route=\/wp\/v2\/media\/53222"}],"wp:attachment":[{"href":"https:\/\/hablemosclarotdf.com.ar\/index.php?rest_route=%2Fwp%2Fv2%2Fmedia&parent=53221"}],"wp:term":[{"taxonomy":"category","embeddable":true,"href":"https:\/\/hablemosclarotdf.com.ar\/index.php?rest_route=%2Fwp%2Fv2%2Fcategories&post=53221"},{"taxonomy":"post_tag","embeddable":true,"href":"https:\/\/hablemosclarotdf.com.ar\/index.php?rest_route=%2Fwp%2Fv2%2Ftags&post=53221"}],"curies":[{"name":"wp","href":"https:\/\/api.w.org\/{rel}","templated":true}]}}