{"id":53197,"date":"2025-10-04T13:47:45","date_gmt":"2025-10-04T16:47:45","guid":{"rendered":"https:\/\/hablemosclarotdf.com.ar\/?p=53197"},"modified":"2025-10-04T13:47:45","modified_gmt":"2025-10-04T16:47:45","slug":"rio-grande-continuan-las-actividades-del-festival-de-las-aves","status":"publish","type":"post","link":"https:\/\/hablemosclarotdf.com.ar\/?p=53197","title":{"rendered":"RIO GRANDE : CONTIN\u00daAN LAS ACTIVIDADES DEL FESTIVAL DE LAS AVES"},"content":{"rendered":"<p>En el marco de la llegada de aves playeras migratorias a R\u00edo Grande, el Municipio realiza diversas actividades con el objetivo de conocer y cuidar las especies que nos visitan todos los a\u00f1os y garantizar un ambiente limpio y cuidado para todos.<\/p>\n<p>El Municipio de R\u00edo Grande invita a los vecinos y vecinas a celebrar el 16\u00ba aniversario del Festival de Aves en la ciudad. En esta oportunidad, el Centro de Interpretaci\u00f3n Ambiental (CIA) lleva adelante una amplia agenda de actividades para que la comunidad siga aprendiendo sobre la importancia de cuidar nuestras costas y su biodiversidad.<\/p>\n<p>Las propuestas continuar\u00e1n del 6 al 9 de octubre con un ciclo de charlas titulado \u201cRecibiendo a las Aves Playeras\u201d, donde profesionales de distintas materias brindar\u00e1n disertaciones relacionadas a las aves que llegar\u00e1n a nuestra ciudad. Se realizar\u00e1 de 10 a 14 horas.<\/p>\n<p>En el marco del D\u00eda Mundial de la Protecci\u00f3n de la Naturaleza, el Centro de Interpretaci\u00f3n invita a la comunidad el 13 de octubre, a las 14 horas, a conocer \u201csu patio\u201d, que est\u00e1 ubicado en las costas de nuestra ciudad. En tanto que del 14 al 17 se llevar\u00e1n a cabo actividades l\u00fadicas para las infancias. Ser\u00e1n en el horario de 10 a 14 horas.<\/p>\n<p>Luego, del 20 al 24, en el horario de 10 a 14 horas, tendr\u00e1n lugar diferentes charlas tem\u00e1ticas como &#8220;Los ecosistemas marinos y costeros&#8221;, \u201cLa ruta del playero rojizo\u201d, \u201cIdentificaci\u00f3n y registro de aves\u201d y \u201cContaminaci\u00f3n atmosf\u00e9rica\u201d, entre otras.<\/p>\n<p>Finalmente, de 27 a 31 octubre, se realizar\u00e1n recorridos por los senderos interpretativos en las Reservas Naturales Urbanas (Laguna Sur, Laguna de los Patos y Punta Popper), con el fin de que los participantes conozcan y compartan en comunidad sobre el cuidado del ambiente que nos rodea.<\/p>\n<p>Es de mencionar que este ciclo de actividades es gratuito y se llevar\u00e1 a cabo en el Centro de Interpretaci\u00f3n Ambiental ubicado en la Ruta 3 (frente al barrio Las Barrancas). Quienes deseen formar parte y conocer m\u00e1s sobre nuestra biodiversidad, pueden comunicarse al 436200 (interno 5044), de lunes a viernes de 9 a 16 horas o escribir al mail centrodeinterpretacionrca@gmail.com.<\/p>\n<p><img loading=\"lazy\" decoding=\"async\" class=\"alignnone size-medium wp-image-53199\" src=\"https:\/\/hablemosclarotdf.com.ar\/wp-content\/uploads\/2025\/10\/photo_2025-10-04_13-46-40-300x225.jpg\" alt=\"\" width=\"300\" height=\"225\" srcset=\"https:\/\/hablemosclarotdf.com.ar\/wp-content\/uploads\/2025\/10\/photo_2025-10-04_13-46-40-300x225.jpg 300w, https:\/\/hablemosclarotdf.com.ar\/wp-content\/uploads\/2025\/10\/photo_2025-10-04_13-46-40-1024x768.jpg 1024w, https:\/\/hablemosclarotdf.com.ar\/wp-content\/uploads\/2025\/10\/photo_2025-10-04_13-46-40-768x576.jpg 768w, https:\/\/hablemosclarotdf.com.ar\/wp-content\/uploads\/2025\/10\/photo_2025-10-04_13-46-40.jpg 1280w\" sizes=\"auto, (max-width: 300px) 100vw, 300px\" \/><\/p>\n","protected":false},"excerpt":{"rendered":"<p>En el marco de la llegada de aves playeras migratorias a R\u00edo Grande, el Municipio&#8230;<\/p>\n","protected":false},"author":1,"featured_media":53198,"comment_status":"closed","ping_status":"closed","sticky":false,"template":"","format":"standard","meta":{"footnotes":""},"categories":[3],"tags":[],"class_list":["post-53197","post","type-post","status-publish","format-standard","has-post-thumbnail","hentry","category-noticias"],"jetpack_featured_media_url":"https:\/\/hablemosclarotdf.com.ar\/wp-content\/uploads\/2025\/10\/photo_2025-10-04_13-46-43.jpg","_links":{"self":[{"href":"https:\/\/hablemosclarotdf.com.ar\/index.php?rest_route=\/wp\/v2\/posts\/53197","targetHints":{"allow":["GET"]}}],"collection":[{"href":"https:\/\/hablemosclarotdf.com.ar\/index.php?rest_route=\/wp\/v2\/posts"}],"about":[{"href":"https:\/\/hablemosclarotdf.com.ar\/index.php?rest_route=\/wp\/v2\/types\/post"}],"author":[{"embeddable":true,"href":"https:\/\/hablemosclarotdf.com.ar\/index.php?rest_route=\/wp\/v2\/users\/1"}],"replies":[{"embeddable":true,"href":"https:\/\/hablemosclarotdf.com.ar\/index.php?rest_route=%2Fwp%2Fv2%2Fcomments&post=53197"}],"version-history":[{"count":1,"href":"https:\/\/hablemosclarotdf.com.ar\/index.php?rest_route=\/wp\/v2\/posts\/53197\/revisions"}],"predecessor-version":[{"id":53200,"href":"https:\/\/hablemosclarotdf.com.ar\/index.php?rest_route=\/wp\/v2\/posts\/53197\/revisions\/53200"}],"wp:featuredmedia":[{"embeddable":true,"href":"https:\/\/hablemosclarotdf.com.ar\/index.php?rest_route=\/wp\/v2\/media\/53198"}],"wp:attachment":[{"href":"https:\/\/hablemosclarotdf.com.ar\/index.php?rest_route=%2Fwp%2Fv2%2Fmedia&parent=53197"}],"wp:term":[{"taxonomy":"category","embeddable":true,"href":"https:\/\/hablemosclarotdf.com.ar\/index.php?rest_route=%2Fwp%2Fv2%2Fcategories&post=53197"},{"taxonomy":"post_tag","embeddable":true,"href":"https:\/\/hablemosclarotdf.com.ar\/index.php?rest_route=%2Fwp%2Fv2%2Ftags&post=53197"}],"curies":[{"name":"wp","href":"https:\/\/api.w.org\/{rel}","templated":true}]}}