{"id":53161,"date":"2025-10-04T13:32:48","date_gmt":"2025-10-04T16:32:48","guid":{"rendered":"https:\/\/hablemosclarotdf.com.ar\/?p=53161"},"modified":"2025-10-04T13:33:12","modified_gmt":"2025-10-04T16:33:12","slug":"ushuaia-zoonosis-municipal-realizo-un-operativo-territorial-en-el-barrio-el-escondido","status":"publish","type":"post","link":"https:\/\/hablemosclarotdf.com.ar\/?p=53161","title":{"rendered":"USHUAIA : ZOONOSIS MUNICIPAL REALIZ\u00d3 UN OPERATIVO TERRITORIAL EN EL BARRIO EL ESCONDIDO"},"content":{"rendered":"<p>La Municipalidad de Ushuaia, a trav\u00e9s de la Secretar\u00eda de Pol\u00edticas Sociales, Sanitarias y Derechos Humanos, llev\u00f3 adelante un nuevo operativo territorial en el barrio El Escondido y sus alrededores, alcanzando la zona del Bander\u00edn 18.<br \/>\nEl procedimiento, coordinado por la Direcci\u00f3n de Zoonosis, consisti\u00f3 en el relevamiento y control de animales sueltos en la v\u00eda p\u00fablica, con la labranza de 10 actas de infracci\u00f3n conforme a la normativa vigente.<br \/>\nLa secretaria de Pol\u00edticas Sociales, Sanitarias y Derechos Humanos, Yanira Mart\u00ednez, destac\u00f3 que \u201cel control territorial es una herramienta fundamental para garantizar el bienestar animal y tambi\u00e9n la seguridad en los barrios. Cada operativo refuerza nuestro compromiso con la convivencia responsable\u201d.<br \/>\nPor su parte, el subsecretario de Desarrollo Territorial, Erick Garc\u00eda, se\u00f1al\u00f3 que \u201cla participaci\u00f3n y el di\u00e1logo con los vecinos y vecinas son claves para sostener este trabajo, que busca prevenir situaciones de riesgo y fortalecer la tenencia responsable en toda la ciudad\u201d.<br \/>\nDesde la Municipalidad confirmaron que estos operativos continuar\u00e1n en distintos sectores de Ushuaia, en el marco de las acciones integrales que lleva adelante la Secretar\u00eda para el cuidado de los animales y la seguridad comunitaria.<\/p>\n<p><img loading=\"lazy\" decoding=\"async\" class=\"alignnone size-medium wp-image-53164\" src=\"https:\/\/hablemosclarotdf.com.ar\/wp-content\/uploads\/2025\/10\/photo_2025-10-04_13-32-14-300x169.jpg\" alt=\"\" width=\"300\" height=\"169\" srcset=\"https:\/\/hablemosclarotdf.com.ar\/wp-content\/uploads\/2025\/10\/photo_2025-10-04_13-32-14-300x169.jpg 300w, https:\/\/hablemosclarotdf.com.ar\/wp-content\/uploads\/2025\/10\/photo_2025-10-04_13-32-14-1024x575.jpg 1024w, https:\/\/hablemosclarotdf.com.ar\/wp-content\/uploads\/2025\/10\/photo_2025-10-04_13-32-14-768x431.jpg 768w, https:\/\/hablemosclarotdf.com.ar\/wp-content\/uploads\/2025\/10\/photo_2025-10-04_13-32-14.jpg 1280w\" sizes=\"auto, (max-width: 300px) 100vw, 300px\" \/> <img loading=\"lazy\" decoding=\"async\" class=\"alignnone size-medium wp-image-53165\" src=\"https:\/\/hablemosclarotdf.com.ar\/wp-content\/uploads\/2025\/10\/photo_2025-10-04_13-32-21-169x300.jpg\" alt=\"\" width=\"169\" height=\"300\" srcset=\"https:\/\/hablemosclarotdf.com.ar\/wp-content\/uploads\/2025\/10\/photo_2025-10-04_13-32-21-169x300.jpg 169w, https:\/\/hablemosclarotdf.com.ar\/wp-content\/uploads\/2025\/10\/photo_2025-10-04_13-32-21-575x1024.jpg 575w, https:\/\/hablemosclarotdf.com.ar\/wp-content\/uploads\/2025\/10\/photo_2025-10-04_13-32-21.jpg 719w\" sizes=\"auto, (max-width: 169px) 100vw, 169px\" \/><\/p>\n","protected":false},"excerpt":{"rendered":"<p>La Municipalidad de Ushuaia, a trav\u00e9s de la Secretar\u00eda de Pol\u00edticas Sociales, Sanitarias y Derechos&#8230;<\/p>\n","protected":false},"author":1,"featured_media":53162,"comment_status":"closed","ping_status":"closed","sticky":false,"template":"","format":"standard","meta":{"footnotes":""},"categories":[3],"tags":[],"class_list":["post-53161","post","type-post","status-publish","format-standard","has-post-thumbnail","hentry","category-noticias"],"jetpack_featured_media_url":"https:\/\/hablemosclarotdf.com.ar\/wp-content\/uploads\/2025\/10\/photo_2025-10-04_13-32-18.jpg","_links":{"self":[{"href":"https:\/\/hablemosclarotdf.com.ar\/index.php?rest_route=\/wp\/v2\/posts\/53161","targetHints":{"allow":["GET"]}}],"collection":[{"href":"https:\/\/hablemosclarotdf.com.ar\/index.php?rest_route=\/wp\/v2\/posts"}],"about":[{"href":"https:\/\/hablemosclarotdf.com.ar\/index.php?rest_route=\/wp\/v2\/types\/post"}],"author":[{"embeddable":true,"href":"https:\/\/hablemosclarotdf.com.ar\/index.php?rest_route=\/wp\/v2\/users\/1"}],"replies":[{"embeddable":true,"href":"https:\/\/hablemosclarotdf.com.ar\/index.php?rest_route=%2Fwp%2Fv2%2Fcomments&post=53161"}],"version-history":[{"count":2,"href":"https:\/\/hablemosclarotdf.com.ar\/index.php?rest_route=\/wp\/v2\/posts\/53161\/revisions"}],"predecessor-version":[{"id":53166,"href":"https:\/\/hablemosclarotdf.com.ar\/index.php?rest_route=\/wp\/v2\/posts\/53161\/revisions\/53166"}],"wp:featuredmedia":[{"embeddable":true,"href":"https:\/\/hablemosclarotdf.com.ar\/index.php?rest_route=\/wp\/v2\/media\/53162"}],"wp:attachment":[{"href":"https:\/\/hablemosclarotdf.com.ar\/index.php?rest_route=%2Fwp%2Fv2%2Fmedia&parent=53161"}],"wp:term":[{"taxonomy":"category","embeddable":true,"href":"https:\/\/hablemosclarotdf.com.ar\/index.php?rest_route=%2Fwp%2Fv2%2Fcategories&post=53161"},{"taxonomy":"post_tag","embeddable":true,"href":"https:\/\/hablemosclarotdf.com.ar\/index.php?rest_route=%2Fwp%2Fv2%2Ftags&post=53161"}],"curies":[{"name":"wp","href":"https:\/\/api.w.org\/{rel}","templated":true}]}}