{"id":53092,"date":"2025-10-03T21:13:03","date_gmt":"2025-10-04T00:13:03","guid":{"rendered":"https:\/\/hablemosclarotdf.com.ar\/?p=53092"},"modified":"2025-10-03T21:13:03","modified_gmt":"2025-10-04T00:13:03","slug":"oro-fueguino-en-los-juegos-nacionales-evita","status":"publish","type":"post","link":"https:\/\/hablemosclarotdf.com.ar\/?p=53092","title":{"rendered":"ORO FUEGUINO EN LOS JUEGOS NACIONALES EVITA"},"content":{"rendered":"<p>El gimnasta fueguino, Antuan Paladea, quien transita su \u00faltimo a\u00f1o en la categor\u00eda, se despide de los Juegos Nacionales Evita con la medalla dorada para la delegaci\u00f3n de Tierra del Fuego en la competencia disputada en el club Quilmes de Mar del Plata.<\/p>\n<p>El deportista de oro tuvo excelsa actuaci\u00f3n y pudo alzarse con lo m\u00e1s alto del podio luego de haber alcanzado el tercer sitio de las colocaciones en 2024. &#8220;El a\u00f1o pasado hab\u00eda terminado tercero y me hab\u00eda llevado el bronce, ahora vengo de una lesi\u00f3n y finalmente se dio y pude llevarme la de oro a casa&#8221;, mencion\u00f3 Antuan con gestos de satisfacci\u00f3n y felicidad por el logro.<\/p>\n<p>El medallista fue galardonado como uno de los abanderados en el acto de cierre de la especialidad. &#8220;Todo el esfuerzo, el trabajo y el entrenamiento dio los frutos para la medalla y es un orgullo poder estar presente en los Juegos y representar a toda la provincia de esta manera&#8221;, expres\u00f3.<\/p>\n<p>El medallero fueguino se sigue incrementando, esta vez, de la mano de la gimnasia art\u00edstica que le entreg\u00f3 la segunda medalla de oro a TDF en la competencia.<\/p>\n<p><img loading=\"lazy\" decoding=\"async\" class=\"alignnone size-medium wp-image-53094\" src=\"https:\/\/hablemosclarotdf.com.ar\/wp-content\/uploads\/2025\/10\/photo_2025-10-03_21-12-13-300x200.jpg\" alt=\"\" width=\"300\" height=\"200\" srcset=\"https:\/\/hablemosclarotdf.com.ar\/wp-content\/uploads\/2025\/10\/photo_2025-10-03_21-12-13-300x200.jpg 300w, https:\/\/hablemosclarotdf.com.ar\/wp-content\/uploads\/2025\/10\/photo_2025-10-03_21-12-13-1024x683.jpg 1024w, https:\/\/hablemosclarotdf.com.ar\/wp-content\/uploads\/2025\/10\/photo_2025-10-03_21-12-13-768x512.jpg 768w, https:\/\/hablemosclarotdf.com.ar\/wp-content\/uploads\/2025\/10\/photo_2025-10-03_21-12-13.jpg 1280w\" sizes=\"auto, (max-width: 300px) 100vw, 300px\" \/><\/p>\n","protected":false},"excerpt":{"rendered":"<p>El gimnasta fueguino, Antuan Paladea, quien transita su \u00faltimo a\u00f1o en la categor\u00eda, se despide&#8230;<\/p>\n","protected":false},"author":1,"featured_media":53093,"comment_status":"closed","ping_status":"closed","sticky":false,"template":"","format":"standard","meta":{"footnotes":""},"categories":[3],"tags":[],"class_list":["post-53092","post","type-post","status-publish","format-standard","has-post-thumbnail","hentry","category-noticias"],"jetpack_featured_media_url":"https:\/\/hablemosclarotdf.com.ar\/wp-content\/uploads\/2025\/10\/photo_2025-10-03_21-12-07.jpg","_links":{"self":[{"href":"https:\/\/hablemosclarotdf.com.ar\/index.php?rest_route=\/wp\/v2\/posts\/53092","targetHints":{"allow":["GET"]}}],"collection":[{"href":"https:\/\/hablemosclarotdf.com.ar\/index.php?rest_route=\/wp\/v2\/posts"}],"about":[{"href":"https:\/\/hablemosclarotdf.com.ar\/index.php?rest_route=\/wp\/v2\/types\/post"}],"author":[{"embeddable":true,"href":"https:\/\/hablemosclarotdf.com.ar\/index.php?rest_route=\/wp\/v2\/users\/1"}],"replies":[{"embeddable":true,"href":"https:\/\/hablemosclarotdf.com.ar\/index.php?rest_route=%2Fwp%2Fv2%2Fcomments&post=53092"}],"version-history":[{"count":1,"href":"https:\/\/hablemosclarotdf.com.ar\/index.php?rest_route=\/wp\/v2\/posts\/53092\/revisions"}],"predecessor-version":[{"id":53095,"href":"https:\/\/hablemosclarotdf.com.ar\/index.php?rest_route=\/wp\/v2\/posts\/53092\/revisions\/53095"}],"wp:featuredmedia":[{"embeddable":true,"href":"https:\/\/hablemosclarotdf.com.ar\/index.php?rest_route=\/wp\/v2\/media\/53093"}],"wp:attachment":[{"href":"https:\/\/hablemosclarotdf.com.ar\/index.php?rest_route=%2Fwp%2Fv2%2Fmedia&parent=53092"}],"wp:term":[{"taxonomy":"category","embeddable":true,"href":"https:\/\/hablemosclarotdf.com.ar\/index.php?rest_route=%2Fwp%2Fv2%2Fcategories&post=53092"},{"taxonomy":"post_tag","embeddable":true,"href":"https:\/\/hablemosclarotdf.com.ar\/index.php?rest_route=%2Fwp%2Fv2%2Ftags&post=53092"}],"curies":[{"name":"wp","href":"https:\/\/api.w.org\/{rel}","templated":true}]}}