{"id":53065,"date":"2025-10-03T15:22:27","date_gmt":"2025-10-03T18:22:27","guid":{"rendered":"https:\/\/hablemosclarotdf.com.ar\/?p=53065"},"modified":"2025-10-03T15:39:15","modified_gmt":"2025-10-03T18:39:15","slug":"blanco-como-apartamos-a-kueider-en-el-senado-espert-no-deberia-seguir-ni-cinco-minutos-en-diputados","status":"publish","type":"post","link":"https:\/\/hablemosclarotdf.com.ar\/?p=53065","title":{"rendered":"Blanco: \u201cComo apartamos a Kueider en el Senado, Espert no deber\u00eda seguir ni cinco minutos en Diputados\u201d"},"content":{"rendered":"<table class=\"m_6633896624749971997templateContainer\" border=\"0\" width=\"100%\" cellspacing=\"0\" cellpadding=\"0\" align=\"center\">\n<tbody>\n<tr>\n<td class=\"m_6633896624749971997bodyContainer\" valign=\"top\">\n<table border=\"0\" width=\"100%\" cellspacing=\"0\" cellpadding=\"0\">\n<tbody>\n<tr>\n<td valign=\"top\">\n<table class=\"m_6633896624749971997mcnTextContentContainer\" border=\"0\" width=\"100%\" cellspacing=\"0\" cellpadding=\"0\" align=\"left\">\n<tbody>\n<tr>\n<td class=\"m_6633896624749971997mcnTextContent\" valign=\"top\">El senador nacional por Provincias Unidas \u2014 Tierra del Fuego, Pablo Daniel Blanco, exigi\u00f3 que la C\u00e1mara de Diputados act\u00fae de inmediato frente a la situaci\u00f3n del diputado Jos\u00e9 Luis Espert.<\/p>\n<p>\u201cAs\u00ed como en el Senado apartamos a Kueider, los diputados deber\u00edan hacer lo mismo. Espert no tendr\u00eda que seguir ni cinco minutos m\u00e1s en la C\u00e1mara Baja\u201d, afirm\u00f3 Blanco.<\/p>\n<p>En este sentido, record\u00f3: \u201cF\u00edjese lo que sucedi\u00f3 en el Senado con el exsenador Kueider cuando se le encontr\u00f3 en el veh\u00edculo una suma de d\u00f3lares. Despu\u00e9s el Senado tom\u00f3 la determinaci\u00f3n de expulsarlo del cuerpo, no juzg\u00e1ndolo penalmente sino pol\u00edticamente\u201d.<\/p>\n<p>Para el legislador fueguino, \u201cse trata de defender la credibilidad del Congreso y la dignidad de las instituciones. No puede haber doble vara ni c\u00e1lculos pol\u00edticos: lo que corresponde es que Espert sea apartado de inmediato\u201d.<\/td>\n<\/tr>\n<\/tbody>\n<\/table>\n<\/td>\n<\/tr>\n<\/tbody>\n<\/table>\n<\/td>\n<\/tr>\n<\/tbody>\n<\/table>\n","protected":false},"excerpt":{"rendered":"<p>El senador nacional por Provincias Unidas \u2014 Tierra del Fuego, Pablo Daniel Blanco, exigi\u00f3 que&#8230;<\/p>\n","protected":false},"author":1,"featured_media":53069,"comment_status":"closed","ping_status":"closed","sticky":false,"template":"","format":"standard","meta":{"footnotes":""},"categories":[3],"tags":[],"class_list":["post-53065","post","type-post","status-publish","format-standard","has-post-thumbnail","hentry","category-noticias"],"jetpack_featured_media_url":"https:\/\/hablemosclarotdf.com.ar\/wp-content\/uploads\/2025\/10\/download-1.jpg","_links":{"self":[{"href":"https:\/\/hablemosclarotdf.com.ar\/index.php?rest_route=\/wp\/v2\/posts\/53065","targetHints":{"allow":["GET"]}}],"collection":[{"href":"https:\/\/hablemosclarotdf.com.ar\/index.php?rest_route=\/wp\/v2\/posts"}],"about":[{"href":"https:\/\/hablemosclarotdf.com.ar\/index.php?rest_route=\/wp\/v2\/types\/post"}],"author":[{"embeddable":true,"href":"https:\/\/hablemosclarotdf.com.ar\/index.php?rest_route=\/wp\/v2\/users\/1"}],"replies":[{"embeddable":true,"href":"https:\/\/hablemosclarotdf.com.ar\/index.php?rest_route=%2Fwp%2Fv2%2Fcomments&post=53065"}],"version-history":[{"count":2,"href":"https:\/\/hablemosclarotdf.com.ar\/index.php?rest_route=\/wp\/v2\/posts\/53065\/revisions"}],"predecessor-version":[{"id":53068,"href":"https:\/\/hablemosclarotdf.com.ar\/index.php?rest_route=\/wp\/v2\/posts\/53065\/revisions\/53068"}],"wp:featuredmedia":[{"embeddable":true,"href":"https:\/\/hablemosclarotdf.com.ar\/index.php?rest_route=\/wp\/v2\/media\/53069"}],"wp:attachment":[{"href":"https:\/\/hablemosclarotdf.com.ar\/index.php?rest_route=%2Fwp%2Fv2%2Fmedia&parent=53065"}],"wp:term":[{"taxonomy":"category","embeddable":true,"href":"https:\/\/hablemosclarotdf.com.ar\/index.php?rest_route=%2Fwp%2Fv2%2Fcategories&post=53065"},{"taxonomy":"post_tag","embeddable":true,"href":"https:\/\/hablemosclarotdf.com.ar\/index.php?rest_route=%2Fwp%2Fv2%2Ftags&post=53065"}],"curies":[{"name":"wp","href":"https:\/\/api.w.org\/{rel}","templated":true}]}}