{"id":53062,"date":"2025-10-03T14:35:45","date_gmt":"2025-10-03T17:35:45","guid":{"rendered":"https:\/\/hablemosclarotdf.com.ar\/?p=53062"},"modified":"2025-10-03T14:35:45","modified_gmt":"2025-10-03T17:35:45","slug":"rio-grande-el-municipio-lanza-la-diplomatura-en-cannabis-medicinal-abordaje-integral-para-la-practica-profesional","status":"publish","type":"post","link":"https:\/\/hablemosclarotdf.com.ar\/?p=53062","title":{"rendered":"RIO GRANDE : EL MUNICIPIO LANZA LA DIPLOMATURA EN CANNABIS MEDICINAL: ABORDAJE INTEGRAL PARA LA PR\u00c1CTICA PROFESIONAL"},"content":{"rendered":"<p>La misma est\u00e1 dirigida a profesionales m\u00e9dicos y odont\u00f3logos con capacidad de prescripci\u00f3n en Tierra del Fuego. Con un enfoque centrado en los fundamentos cient\u00edficos y en las aplicaciones pr\u00e1cticas para diversas patolog\u00edas, la diplomatura busca fortalecer la formaci\u00f3n profesional y contribuir al bienestar de la comunidad. La cursada dar\u00e1 inicio el pr\u00f3ximo martes 7 de octubre, de manera virtual con clases sincr\u00f3nicas y asincr\u00f3nicas. Las inscripciones se realizan a trav\u00e9s del link: https:\/\/bit.ly\/4pSAbC4 .<\/p>\n<p>La realizaci\u00f3n de esta formaci\u00f3n acad\u00e9mica es impulsada por el creciente inter\u00e9s en el uso terap\u00e9utico del cannabis, respaldado por la evidencia cient\u00edfica y un marco legal en evoluci\u00f3n en Argentina.<\/p>\n<p>Atentos a esta demanda, el Municipio de R\u00edo Grande junto al Ministerio P\u00fablico de la Defensa de la Rep\u00fablica Argentina, la Facultad Regional Tierra del Fuego de la Universidad Tecnol\u00f3gica Nacional (UTN) y la Asociaci\u00f3n de Usuaries y Profesionales para el Abordaje del Cannabis y otras Drogas (AUPAC) llevar\u00e1n adelante la Diplomatura T\u00e9cnico Profesional en Cannabis Medicinal. La misma apunta a capacitar a m\u00e9dicos y odont\u00f3logos con t\u00edtulo de grado brind\u00e1ndoles las herramientas necesarias para prescribir, dispensar y acompa\u00f1ar a pacientes de forma id\u00f3nea, segura y \u00e9tica. Dicho programa se \u00adalinea con la Ley Nacional 27.350 y su reglamentaci\u00f3n.<\/p>\n<p>Cabe destacar que la presentaci\u00f3n de esta formaci\u00f3n representa un progreso en lo que refiere a la implementaci\u00f3n del Programa Municipal de Canabbis Medicinal, respaldado por el trabajo conjunto entre el Estado Municipal -a trav\u00e9s de la Subsecretar\u00eda de Salud-, fundaciones y asociaciones civiles afines. Se trata de un avance significativo hacia el acceso equitativo, informado y desestigmatizado del cannabis medicinal, promoviendo una atenci\u00f3n sanitaria integral, basada en la evidencia cient\u00edfica y centrada en las necesidades reales de la comunidad riograndense.<\/p>\n","protected":false},"excerpt":{"rendered":"<p>La misma est\u00e1 dirigida a profesionales m\u00e9dicos y odont\u00f3logos con capacidad de prescripci\u00f3n en Tierra&#8230;<\/p>\n","protected":false},"author":1,"featured_media":53063,"comment_status":"closed","ping_status":"closed","sticky":false,"template":"","format":"standard","meta":{"footnotes":""},"categories":[3],"tags":[],"class_list":["post-53062","post","type-post","status-publish","format-standard","has-post-thumbnail","hentry","category-noticias"],"jetpack_featured_media_url":"https:\/\/hablemosclarotdf.com.ar\/wp-content\/uploads\/2025\/10\/photo_2025-10-03_14-31-43.jpg","_links":{"self":[{"href":"https:\/\/hablemosclarotdf.com.ar\/index.php?rest_route=\/wp\/v2\/posts\/53062","targetHints":{"allow":["GET"]}}],"collection":[{"href":"https:\/\/hablemosclarotdf.com.ar\/index.php?rest_route=\/wp\/v2\/posts"}],"about":[{"href":"https:\/\/hablemosclarotdf.com.ar\/index.php?rest_route=\/wp\/v2\/types\/post"}],"author":[{"embeddable":true,"href":"https:\/\/hablemosclarotdf.com.ar\/index.php?rest_route=\/wp\/v2\/users\/1"}],"replies":[{"embeddable":true,"href":"https:\/\/hablemosclarotdf.com.ar\/index.php?rest_route=%2Fwp%2Fv2%2Fcomments&post=53062"}],"version-history":[{"count":1,"href":"https:\/\/hablemosclarotdf.com.ar\/index.php?rest_route=\/wp\/v2\/posts\/53062\/revisions"}],"predecessor-version":[{"id":53064,"href":"https:\/\/hablemosclarotdf.com.ar\/index.php?rest_route=\/wp\/v2\/posts\/53062\/revisions\/53064"}],"wp:featuredmedia":[{"embeddable":true,"href":"https:\/\/hablemosclarotdf.com.ar\/index.php?rest_route=\/wp\/v2\/media\/53063"}],"wp:attachment":[{"href":"https:\/\/hablemosclarotdf.com.ar\/index.php?rest_route=%2Fwp%2Fv2%2Fmedia&parent=53062"}],"wp:term":[{"taxonomy":"category","embeddable":true,"href":"https:\/\/hablemosclarotdf.com.ar\/index.php?rest_route=%2Fwp%2Fv2%2Fcategories&post=53062"},{"taxonomy":"post_tag","embeddable":true,"href":"https:\/\/hablemosclarotdf.com.ar\/index.php?rest_route=%2Fwp%2Fv2%2Ftags&post=53062"}],"curies":[{"name":"wp","href":"https:\/\/api.w.org\/{rel}","templated":true}]}}