{"id":53030,"date":"2025-10-03T13:06:36","date_gmt":"2025-10-03T16:06:36","guid":{"rendered":"https:\/\/hablemosclarotdf.com.ar\/?p=53030"},"modified":"2025-10-03T13:06:36","modified_gmt":"2025-10-03T16:06:36","slug":"ushuaia-se-actualizara-el-plan-de-gestion-de-la-reserva-natural-urbana-bahia-encerrada","status":"publish","type":"post","link":"https:\/\/hablemosclarotdf.com.ar\/?p=53030","title":{"rendered":"USHUAIA : SE ACTUALIZAR\u00c1 EL PLAN DE GESTI\u00d3N DE LA RESERVA NATURAL URBANA BAH\u00cdA ENCERRADA"},"content":{"rendered":"<p>Habr\u00e1 un taller participativo<\/p>\n<p>La Municipalidad de Ushuaia, a trav\u00e9s de la Secretar\u00eda de Ambiente y Desarrollo Sustentable, invita a vecinos y vecinas a participar en el taller que se realizar\u00e1 para actualizar el Plan de Gesti\u00f3n de la Reserva Natural Urbana Bah\u00eda Encerrada.<br \/>\nLa actividad impulsada por ICLEI Argentina, por la Asociaci\u00f3n Bah\u00eda Encerrada y por el Municipio capitalino tendr\u00e1 lugar el mi\u00e9rcoles 15 de octubre, de 8.30 a 13, en la sede del SOEM ubicada en 8 de Noviembre 284.<br \/>\nLas personas interesadas pueden inscribirse a trav\u00e9s del link https:\/\/forms.gle\/43pDe8tc1cKirCgs7.<\/p>\n<p>Google Docs (https:\/\/forms.gle\/43pDe8tc1cKirCgs7)<br \/>\nGesti\u00f3n de Reservas Naturales Urbanas en Tolhuin, Ushuaia y R\u00edo Grande. Sumate a los talleres participativos para planificar el futuro de las reservas de tu ciudad.<br \/>\nICLEI &#8211; Argentina y la Asociaci\u00f3n Bah\u00eda Encerrada (ABE), con el acompa\u00f1amiento de los Gobiernos de Tolhuin, Ushuaia y R\u00edo Grande, invitan a participar de los siguientes Talleres Participativos:<br \/>\nHacia un Plan de Gesti\u00f3n de la RNU Bosques Altos de la Monta\u00f1a (Tolhuin) &#8211; 14 de octubre<br \/>\nHacia un nuevo Plan de Gesti\u00f3n de la RNU Bah\u00eda Encerrada (Ushuaia) &#8211; 15 de octubre<br \/>\nHacia un nuevo Plan de Gesti\u00f3n de la RNU Laguna de los Patos (R\u00edo Grande) &#8211; 16 de octubre<br \/>\nEn estos encuentros trabajaremos junto a la comunidad para revisar planes vigentes, definir nuevos desaf\u00edos y acordar acciones que fortalezcan la conservaci\u00f3n y gesti\u00f3n de las Reservas Naturales Urbanas, en beneficio de las ciudades y sus habitantes.<br \/>\n\u00a1Les esperamos!<\/p>\n","protected":false},"excerpt":{"rendered":"<p>Habr\u00e1 un taller participativo La Municipalidad de Ushuaia, a trav\u00e9s de la Secretar\u00eda de Ambiente&#8230;<\/p>\n","protected":false},"author":1,"featured_media":53031,"comment_status":"closed","ping_status":"closed","sticky":false,"template":"","format":"standard","meta":{"footnotes":""},"categories":[3],"tags":[],"class_list":["post-53030","post","type-post","status-publish","format-standard","has-post-thumbnail","hentry","category-noticias"],"jetpack_featured_media_url":"https:\/\/hablemosclarotdf.com.ar\/wp-content\/uploads\/2025\/10\/photo_2025-10-03_13-06-01.jpg","_links":{"self":[{"href":"https:\/\/hablemosclarotdf.com.ar\/index.php?rest_route=\/wp\/v2\/posts\/53030","targetHints":{"allow":["GET"]}}],"collection":[{"href":"https:\/\/hablemosclarotdf.com.ar\/index.php?rest_route=\/wp\/v2\/posts"}],"about":[{"href":"https:\/\/hablemosclarotdf.com.ar\/index.php?rest_route=\/wp\/v2\/types\/post"}],"author":[{"embeddable":true,"href":"https:\/\/hablemosclarotdf.com.ar\/index.php?rest_route=\/wp\/v2\/users\/1"}],"replies":[{"embeddable":true,"href":"https:\/\/hablemosclarotdf.com.ar\/index.php?rest_route=%2Fwp%2Fv2%2Fcomments&post=53030"}],"version-history":[{"count":1,"href":"https:\/\/hablemosclarotdf.com.ar\/index.php?rest_route=\/wp\/v2\/posts\/53030\/revisions"}],"predecessor-version":[{"id":53032,"href":"https:\/\/hablemosclarotdf.com.ar\/index.php?rest_route=\/wp\/v2\/posts\/53030\/revisions\/53032"}],"wp:featuredmedia":[{"embeddable":true,"href":"https:\/\/hablemosclarotdf.com.ar\/index.php?rest_route=\/wp\/v2\/media\/53031"}],"wp:attachment":[{"href":"https:\/\/hablemosclarotdf.com.ar\/index.php?rest_route=%2Fwp%2Fv2%2Fmedia&parent=53030"}],"wp:term":[{"taxonomy":"category","embeddable":true,"href":"https:\/\/hablemosclarotdf.com.ar\/index.php?rest_route=%2Fwp%2Fv2%2Fcategories&post=53030"},{"taxonomy":"post_tag","embeddable":true,"href":"https:\/\/hablemosclarotdf.com.ar\/index.php?rest_route=%2Fwp%2Fv2%2Ftags&post=53030"}],"curies":[{"name":"wp","href":"https:\/\/api.w.org\/{rel}","templated":true}]}}