{"id":52824,"date":"2025-10-01T15:41:49","date_gmt":"2025-10-01T18:41:49","guid":{"rendered":"https:\/\/hablemosclarotdf.com.ar\/?p=52824"},"modified":"2025-10-01T15:41:49","modified_gmt":"2025-10-01T18:41:49","slug":"fueron-seleccionados-los-maestros-para-la-campana-antartica-2026-en-la-escuela-no-38-de-base-esperanza","status":"publish","type":"post","link":"https:\/\/hablemosclarotdf.com.ar\/?p=52824","title":{"rendered":"FUERON SELECCIONADOS LOS MAESTROS PARA LA CAMPA\u00d1A ANT\u00c1RTICA 2026 EN LA ESCUELA N\u00ba 38 DE BASE ESPERANZA"},"content":{"rendered":"<p>El Ministerio de Educaci\u00f3n de la Provincia de Tierra del Fuego, AeIAS, recibi\u00f3 a las parejas docentes que fueron seleccionadas para integrar la Campa\u00f1a Ant\u00e1rtica 2026, quienes cumplir\u00e1n funciones en la Escuela Provincial N\u00ba38 \u201cPresidente Ra\u00fal Ricardo Alfons\u00edn\u201d de la Ant\u00e1rtida Argentina en Base Esperanza.<\/p>\n<p>Susana Vanesa Alegre y Gustavo Olivera son la pareja de R\u00edo Grande seleccionada, quienes junto a sus tres hijos partir\u00e1n hacia el continente blanco.<\/p>\n<p>La secretaria de Gesti\u00f3n Educativa, Silvina Solohaga, destac\u00f3 durante el encuentro la importancia del compromiso de los docentes, subrayando que esta misi\u00f3n \u201cno solo implica ense\u00f1ar en condiciones excepcionales, sino tambi\u00e9n ser parte activa de la construcci\u00f3n de comunidad y de la defensa de nuestra soberan\u00eda\u201d.<\/p>\n<p>Susana actualmente se desempe\u00f1a como maestra de nivel primario en las Escuelas N\u00b019 y 27 y su esposo Gustavo, en las Escuelas N\u00b019 y N\u00b02 de J\u00f3venes y Adultos \u201cWikam\u201d.<\/p>\n<p>\u201cEste a\u00f1o se nos dio la oportunidad y vamos con Lisana, nuestra hija mayor de 19 a\u00f1os, Mia de 15 y Ger\u00f3nimo de 7 a\u00f1os\u201d, coment\u00f3 Susana a lo que Gustavo agreg\u00f3 que \u201cten\u00edamos esta experiencia fant\u00e1stica, no solo como proyecto profesional, sino tambi\u00e9n familiar\u201d.<\/p>\n<p>\u201cEs un desaf\u00edo para nosotros ya que es un lugar tan inh\u00f3spito, tan g\u00e9lido y tan \u00fanico. La verdad es que estamos muy orgullosos y contentos de poder realizar esta experiencia\u201d, agreg\u00f3 el docente.<\/p>\n<p>Cabe se\u00f1alar que la selecci\u00f3n de las parejas docentes se desarrolla a trav\u00e9s de un proceso que contempla antecedentes profesionales, experiencia pedag\u00f3gica, perfil institucional, como as\u00ed tambi\u00e9n la disposici\u00f3n para asumir los desaf\u00edos que demanda la tarea educativa en territorio ant\u00e1rtico.<\/p>\n<p>La Escuela Provincial N\u00ba38 constituye un espacio \u00fanico en el pa\u00eds, ya que garantiza el derecho a la educaci\u00f3n a estudiantes que habitan la Ant\u00e1rtida junto a sus familias, formando parte de la vida comunitaria de la Base. Su funcionamiento implica un fuerte compromiso pedag\u00f3gico, institucional y humano, en un entorno que combina condiciones geogr\u00e1ficas y clim\u00e1ticas singulares con el profundo sentido de soberan\u00eda que representa la presencia argentina en el continente blanco.<\/p>\n<p>El equipo seleccionado para 2026 dar\u00e1 continuidad a una pol\u00edtica sostenida que desde hace d\u00e9cadas proyecta la educaci\u00f3n fueguina, reafirmando la presencia argentina en la Ant\u00e1rtida a trav\u00e9s de un trabajo articulado entre el Ministerio de Educaci\u00f3n de la provincia, la Secretar\u00eda de Asuntos Geopol\u00edticos de la Secretar\u00eda de Malvinas, Ant\u00e1rtida e Islas del Atl\u00e1ntico Sur y Asuntos Internacionales y el Comando Conjunto Ant\u00e1rtico (COCOANTAR).<\/p>\n<p><img loading=\"lazy\" decoding=\"async\" class=\"alignnone size-medium wp-image-52826\" src=\"https:\/\/hablemosclarotdf.com.ar\/wp-content\/uploads\/2025\/10\/photo_2025-10-01_15-39-47-300x199.jpg\" alt=\"\" width=\"300\" height=\"199\" srcset=\"https:\/\/hablemosclarotdf.com.ar\/wp-content\/uploads\/2025\/10\/photo_2025-10-01_15-39-47-300x199.jpg 300w, https:\/\/hablemosclarotdf.com.ar\/wp-content\/uploads\/2025\/10\/photo_2025-10-01_15-39-47-1024x678.jpg 1024w, https:\/\/hablemosclarotdf.com.ar\/wp-content\/uploads\/2025\/10\/photo_2025-10-01_15-39-47-768x509.jpg 768w, https:\/\/hablemosclarotdf.com.ar\/wp-content\/uploads\/2025\/10\/photo_2025-10-01_15-39-47.jpg 1280w\" sizes=\"auto, (max-width: 300px) 100vw, 300px\" \/> <img loading=\"lazy\" decoding=\"async\" class=\"alignnone size-medium wp-image-52827\" src=\"https:\/\/hablemosclarotdf.com.ar\/wp-content\/uploads\/2025\/10\/photo_2025-10-01_15-39-56-300x199.jpg\" alt=\"\" width=\"300\" height=\"199\" srcset=\"https:\/\/hablemosclarotdf.com.ar\/wp-content\/uploads\/2025\/10\/photo_2025-10-01_15-39-56-300x199.jpg 300w, https:\/\/hablemosclarotdf.com.ar\/wp-content\/uploads\/2025\/10\/photo_2025-10-01_15-39-56-1024x678.jpg 1024w, https:\/\/hablemosclarotdf.com.ar\/wp-content\/uploads\/2025\/10\/photo_2025-10-01_15-39-56-768x509.jpg 768w, https:\/\/hablemosclarotdf.com.ar\/wp-content\/uploads\/2025\/10\/photo_2025-10-01_15-39-56.jpg 1280w\" sizes=\"auto, (max-width: 300px) 100vw, 300px\" \/> <img loading=\"lazy\" decoding=\"async\" class=\"alignnone size-medium wp-image-52828\" src=\"https:\/\/hablemosclarotdf.com.ar\/wp-content\/uploads\/2025\/10\/photo_2025-10-01_15-40-00-300x199.jpg\" alt=\"\" width=\"300\" height=\"199\" srcset=\"https:\/\/hablemosclarotdf.com.ar\/wp-content\/uploads\/2025\/10\/photo_2025-10-01_15-40-00-300x199.jpg 300w, https:\/\/hablemosclarotdf.com.ar\/wp-content\/uploads\/2025\/10\/photo_2025-10-01_15-40-00-1024x678.jpg 1024w, https:\/\/hablemosclarotdf.com.ar\/wp-content\/uploads\/2025\/10\/photo_2025-10-01_15-40-00-768x509.jpg 768w, https:\/\/hablemosclarotdf.com.ar\/wp-content\/uploads\/2025\/10\/photo_2025-10-01_15-40-00.jpg 1280w\" sizes=\"auto, (max-width: 300px) 100vw, 300px\" \/> <img loading=\"lazy\" decoding=\"async\" class=\"alignnone size-medium wp-image-52829\" src=\"https:\/\/hablemosclarotdf.com.ar\/wp-content\/uploads\/2025\/10\/photo_2025-10-01_15-40-05-300x194.jpg\" alt=\"\" width=\"300\" height=\"194\" srcset=\"https:\/\/hablemosclarotdf.com.ar\/wp-content\/uploads\/2025\/10\/photo_2025-10-01_15-40-05-300x194.jpg 300w, https:\/\/hablemosclarotdf.com.ar\/wp-content\/uploads\/2025\/10\/photo_2025-10-01_15-40-05-1024x662.jpg 1024w, https:\/\/hablemosclarotdf.com.ar\/wp-content\/uploads\/2025\/10\/photo_2025-10-01_15-40-05-768x497.jpg 768w, https:\/\/hablemosclarotdf.com.ar\/wp-content\/uploads\/2025\/10\/photo_2025-10-01_15-40-05.jpg 1280w\" sizes=\"auto, (max-width: 300px) 100vw, 300px\" \/><\/p>\n","protected":false},"excerpt":{"rendered":"<p>El Ministerio de Educaci\u00f3n de la Provincia de Tierra del Fuego, AeIAS, recibi\u00f3 a las&#8230;<\/p>\n","protected":false},"author":1,"featured_media":52825,"comment_status":"closed","ping_status":"closed","sticky":false,"template":"","format":"standard","meta":{"footnotes":""},"categories":[3],"tags":[],"class_list":["post-52824","post","type-post","status-publish","format-standard","has-post-thumbnail","hentry","category-noticias"],"jetpack_featured_media_url":"https:\/\/hablemosclarotdf.com.ar\/wp-content\/uploads\/2025\/10\/photo_2025-10-01_15-39-42.jpg","_links":{"self":[{"href":"https:\/\/hablemosclarotdf.com.ar\/index.php?rest_route=\/wp\/v2\/posts\/52824","targetHints":{"allow":["GET"]}}],"collection":[{"href":"https:\/\/hablemosclarotdf.com.ar\/index.php?rest_route=\/wp\/v2\/posts"}],"about":[{"href":"https:\/\/hablemosclarotdf.com.ar\/index.php?rest_route=\/wp\/v2\/types\/post"}],"author":[{"embeddable":true,"href":"https:\/\/hablemosclarotdf.com.ar\/index.php?rest_route=\/wp\/v2\/users\/1"}],"replies":[{"embeddable":true,"href":"https:\/\/hablemosclarotdf.com.ar\/index.php?rest_route=%2Fwp%2Fv2%2Fcomments&post=52824"}],"version-history":[{"count":1,"href":"https:\/\/hablemosclarotdf.com.ar\/index.php?rest_route=\/wp\/v2\/posts\/52824\/revisions"}],"predecessor-version":[{"id":52830,"href":"https:\/\/hablemosclarotdf.com.ar\/index.php?rest_route=\/wp\/v2\/posts\/52824\/revisions\/52830"}],"wp:featuredmedia":[{"embeddable":true,"href":"https:\/\/hablemosclarotdf.com.ar\/index.php?rest_route=\/wp\/v2\/media\/52825"}],"wp:attachment":[{"href":"https:\/\/hablemosclarotdf.com.ar\/index.php?rest_route=%2Fwp%2Fv2%2Fmedia&parent=52824"}],"wp:term":[{"taxonomy":"category","embeddable":true,"href":"https:\/\/hablemosclarotdf.com.ar\/index.php?rest_route=%2Fwp%2Fv2%2Fcategories&post=52824"},{"taxonomy":"post_tag","embeddable":true,"href":"https:\/\/hablemosclarotdf.com.ar\/index.php?rest_route=%2Fwp%2Fv2%2Ftags&post=52824"}],"curies":[{"name":"wp","href":"https:\/\/api.w.org\/{rel}","templated":true}]}}