{"id":52715,"date":"2025-10-01T09:49:18","date_gmt":"2025-10-01T12:49:18","guid":{"rendered":"https:\/\/hablemosclarotdf.com.ar\/?p=52715"},"modified":"2025-10-01T09:49:18","modified_gmt":"2025-10-01T12:49:18","slug":"gobierno-entrego-herramientas-y-equipamiento-al-personal-del-servicio-provincial-de-manejo-del-fuego","status":"publish","type":"post","link":"https:\/\/hablemosclarotdf.com.ar\/?p=52715","title":{"rendered":"GOBIERNO ENTREG\u00d3 HERRAMIENTAS Y EQUIPAMIENTO AL PERSONAL DEL SERVICIO PROVINCIAL DE MANEJO DEL FUEGO"},"content":{"rendered":"<p>Brigadistas recibieron bolsas de dormir, carpas, calentadores port\u00e1tiles y lubricantes para las motosierras y motobombas. El acto estuvo encabezado por la Ministra de Producci\u00f3n y Ambiente, Karina Fern\u00e1ndez, junto a la secretaria de Ambiente, Andrea Bianchi y se desarroll\u00f3 en la sede del INFUETUR de Ushuaia.<\/p>\n<p>La Ministra puso en valor la tarea que vienen realizando los combatientes forestales, \u201cla cual seguiremos acompa\u00f1ando desde el Gobierno de la provincia mediante distintas acciones, ya sea con herramientas, con capacitaciones, con insumos y todo lo que necesiten para el desarrollo de su labor\u201d.<\/p>\n<p>\u201cEsta iniciativa se dio gracias a un trabajo realizado por el equipo del Ministerio durante la temporada baja, con miras a que la Secretar\u00eda de Ambiente cuente con los insumos m\u00ednimos para poder iniciar la temporada de alto riesgo de incendios forestales 2025-2026\u201d, afirm\u00f3 la funcionaria.<\/p>\n<p>Asimismo agreg\u00f3 que \u201cgracias a un importante trabajo preventivo y de difusi\u00f3n, hemos logrado reducir la cantidad de incendios forestales de magnitud. Ese es uno de los desaf\u00edos que tenemos para esta temporada que inicia, donde esperamos mantenernos as\u00ed, y lograr que la comunidad nos acompa\u00f1e en el cuidado de nuestro ambiente, de manera colectiva y mancomunada&#8221;.<\/p>\n<p>Por su parte, la Secretaria Bianchi afirm\u00f3 que \u201cestos insumos son clave para el equipamiento de la Brigada\u201d, a\u00f1adiendo que \u201ctambi\u00e9n servir\u00e1n para apoyar las tareas que realizan junto a otras \u00e1reas de la Secretar\u00eda de Ambiente como los guardaparques, en los recorridos y controles preventivos que se realizan por ejemplo en las \u00e1reas naturales protegidas de nuestra provincia\u201d.<\/p>\n<p>Adem\u00e1s, destac\u00f3 la labor que vienen implementando los brigadistas en materia de alerta temprana de prevenci\u00f3n de incendios, &#8220;lo que permite anticiparse y reducir al m\u00e1ximo un posible desarrollo de incendios forestales en la provincia. A ello, se suman todos los trabajos preparatorios para dar comienzo hoy 1 de octubre a la temporada de alto riesgo de incendios forestales, de manera ordenada y planificada&#8221;.<\/p>\n<p>Finalizada la entrega, los brigadistas brindaron un detalle de las distintas acciones llevadas adelante durante la \u00faltima temporada, as\u00ed como la proyecci\u00f3n prevista para el inicio de la temporada de alto riesgo de incendios forestales 2025-2026. Adem\u00e1s, se present\u00f3 al nuevo Subsecretario de Manejo del Fuego, Rodrigo C\u00eda.<\/p>\n<p><img loading=\"lazy\" decoding=\"async\" class=\"alignnone size-medium wp-image-52717\" src=\"https:\/\/hablemosclarotdf.com.ar\/wp-content\/uploads\/2025\/10\/photo_2025-10-01_09-47-06-300x200.jpg\" alt=\"\" width=\"300\" height=\"200\" srcset=\"https:\/\/hablemosclarotdf.com.ar\/wp-content\/uploads\/2025\/10\/photo_2025-10-01_09-47-06-300x200.jpg 300w, https:\/\/hablemosclarotdf.com.ar\/wp-content\/uploads\/2025\/10\/photo_2025-10-01_09-47-06-1024x682.jpg 1024w, https:\/\/hablemosclarotdf.com.ar\/wp-content\/uploads\/2025\/10\/photo_2025-10-01_09-47-06-768x512.jpg 768w, https:\/\/hablemosclarotdf.com.ar\/wp-content\/uploads\/2025\/10\/photo_2025-10-01_09-47-06.jpg 1280w\" sizes=\"auto, (max-width: 300px) 100vw, 300px\" \/> <img loading=\"lazy\" decoding=\"async\" class=\"alignnone size-medium wp-image-52718\" src=\"https:\/\/hablemosclarotdf.com.ar\/wp-content\/uploads\/2025\/10\/photo_2025-10-01_09-47-16-300x200.jpg\" alt=\"\" width=\"300\" height=\"200\" srcset=\"https:\/\/hablemosclarotdf.com.ar\/wp-content\/uploads\/2025\/10\/photo_2025-10-01_09-47-16-300x200.jpg 300w, https:\/\/hablemosclarotdf.com.ar\/wp-content\/uploads\/2025\/10\/photo_2025-10-01_09-47-16-1024x683.jpg 1024w, https:\/\/hablemosclarotdf.com.ar\/wp-content\/uploads\/2025\/10\/photo_2025-10-01_09-47-16-768x512.jpg 768w, https:\/\/hablemosclarotdf.com.ar\/wp-content\/uploads\/2025\/10\/photo_2025-10-01_09-47-16.jpg 1280w\" sizes=\"auto, (max-width: 300px) 100vw, 300px\" \/> <img loading=\"lazy\" decoding=\"async\" class=\"alignnone size-medium wp-image-52719\" src=\"https:\/\/hablemosclarotdf.com.ar\/wp-content\/uploads\/2025\/10\/photo_2025-10-01_09-47-20-300x200.jpg\" alt=\"\" width=\"300\" height=\"200\" srcset=\"https:\/\/hablemosclarotdf.com.ar\/wp-content\/uploads\/2025\/10\/photo_2025-10-01_09-47-20-300x200.jpg 300w, https:\/\/hablemosclarotdf.com.ar\/wp-content\/uploads\/2025\/10\/photo_2025-10-01_09-47-20-1024x683.jpg 1024w, https:\/\/hablemosclarotdf.com.ar\/wp-content\/uploads\/2025\/10\/photo_2025-10-01_09-47-20-768x512.jpg 768w, https:\/\/hablemosclarotdf.com.ar\/wp-content\/uploads\/2025\/10\/photo_2025-10-01_09-47-20.jpg 1280w\" sizes=\"auto, (max-width: 300px) 100vw, 300px\" \/> <img loading=\"lazy\" decoding=\"async\" class=\"alignnone size-medium wp-image-52720\" src=\"https:\/\/hablemosclarotdf.com.ar\/wp-content\/uploads\/2025\/10\/photo_2025-10-01_09-47-23-300x200.jpg\" alt=\"\" width=\"300\" height=\"200\" srcset=\"https:\/\/hablemosclarotdf.com.ar\/wp-content\/uploads\/2025\/10\/photo_2025-10-01_09-47-23-300x200.jpg 300w, https:\/\/hablemosclarotdf.com.ar\/wp-content\/uploads\/2025\/10\/photo_2025-10-01_09-47-23-1024x683.jpg 1024w, https:\/\/hablemosclarotdf.com.ar\/wp-content\/uploads\/2025\/10\/photo_2025-10-01_09-47-23-768x512.jpg 768w, https:\/\/hablemosclarotdf.com.ar\/wp-content\/uploads\/2025\/10\/photo_2025-10-01_09-47-23.jpg 1280w\" sizes=\"auto, (max-width: 300px) 100vw, 300px\" \/> <img loading=\"lazy\" decoding=\"async\" class=\"alignnone size-medium wp-image-52721\" src=\"https:\/\/hablemosclarotdf.com.ar\/wp-content\/uploads\/2025\/10\/photo_2025-10-01_09-47-27-300x200.jpg\" alt=\"\" width=\"300\" height=\"200\" srcset=\"https:\/\/hablemosclarotdf.com.ar\/wp-content\/uploads\/2025\/10\/photo_2025-10-01_09-47-27-300x200.jpg 300w, https:\/\/hablemosclarotdf.com.ar\/wp-content\/uploads\/2025\/10\/photo_2025-10-01_09-47-27-1024x682.jpg 1024w, https:\/\/hablemosclarotdf.com.ar\/wp-content\/uploads\/2025\/10\/photo_2025-10-01_09-47-27-768x512.jpg 768w, https:\/\/hablemosclarotdf.com.ar\/wp-content\/uploads\/2025\/10\/photo_2025-10-01_09-47-27.jpg 1280w\" sizes=\"auto, (max-width: 300px) 100vw, 300px\" \/> <img loading=\"lazy\" decoding=\"async\" class=\"alignnone size-medium wp-image-52722\" src=\"https:\/\/hablemosclarotdf.com.ar\/wp-content\/uploads\/2025\/10\/photo_2025-10-01_09-47-31-300x200.jpg\" alt=\"\" width=\"300\" height=\"200\" srcset=\"https:\/\/hablemosclarotdf.com.ar\/wp-content\/uploads\/2025\/10\/photo_2025-10-01_09-47-31-300x200.jpg 300w, https:\/\/hablemosclarotdf.com.ar\/wp-content\/uploads\/2025\/10\/photo_2025-10-01_09-47-31-1024x682.jpg 1024w, https:\/\/hablemosclarotdf.com.ar\/wp-content\/uploads\/2025\/10\/photo_2025-10-01_09-47-31-768x512.jpg 768w, https:\/\/hablemosclarotdf.com.ar\/wp-content\/uploads\/2025\/10\/photo_2025-10-01_09-47-31.jpg 1280w\" sizes=\"auto, (max-width: 300px) 100vw, 300px\" \/> <img loading=\"lazy\" decoding=\"async\" class=\"alignnone size-medium wp-image-52723\" src=\"https:\/\/hablemosclarotdf.com.ar\/wp-content\/uploads\/2025\/10\/photo_2025-10-01_09-47-36-300x200.jpg\" alt=\"\" width=\"300\" height=\"200\" srcset=\"https:\/\/hablemosclarotdf.com.ar\/wp-content\/uploads\/2025\/10\/photo_2025-10-01_09-47-36-300x200.jpg 300w, https:\/\/hablemosclarotdf.com.ar\/wp-content\/uploads\/2025\/10\/photo_2025-10-01_09-47-36-1024x682.jpg 1024w, https:\/\/hablemosclarotdf.com.ar\/wp-content\/uploads\/2025\/10\/photo_2025-10-01_09-47-36-768x512.jpg 768w, https:\/\/hablemosclarotdf.com.ar\/wp-content\/uploads\/2025\/10\/photo_2025-10-01_09-47-36.jpg 1280w\" sizes=\"auto, (max-width: 300px) 100vw, 300px\" \/><\/p>\n","protected":false},"excerpt":{"rendered":"<p>Brigadistas recibieron bolsas de dormir, carpas, calentadores port\u00e1tiles y lubricantes para las motosierras y motobombas&#8230;.<\/p>\n","protected":false},"author":1,"featured_media":52716,"comment_status":"closed","ping_status":"closed","sticky":false,"template":"","format":"standard","meta":{"footnotes":""},"categories":[3],"tags":[],"class_list":["post-52715","post","type-post","status-publish","format-standard","has-post-thumbnail","hentry","category-noticias"],"jetpack_featured_media_url":"https:\/\/hablemosclarotdf.com.ar\/wp-content\/uploads\/2025\/10\/photo_2025-10-01_09-47-01.jpg","_links":{"self":[{"href":"https:\/\/hablemosclarotdf.com.ar\/index.php?rest_route=\/wp\/v2\/posts\/52715","targetHints":{"allow":["GET"]}}],"collection":[{"href":"https:\/\/hablemosclarotdf.com.ar\/index.php?rest_route=\/wp\/v2\/posts"}],"about":[{"href":"https:\/\/hablemosclarotdf.com.ar\/index.php?rest_route=\/wp\/v2\/types\/post"}],"author":[{"embeddable":true,"href":"https:\/\/hablemosclarotdf.com.ar\/index.php?rest_route=\/wp\/v2\/users\/1"}],"replies":[{"embeddable":true,"href":"https:\/\/hablemosclarotdf.com.ar\/index.php?rest_route=%2Fwp%2Fv2%2Fcomments&post=52715"}],"version-history":[{"count":1,"href":"https:\/\/hablemosclarotdf.com.ar\/index.php?rest_route=\/wp\/v2\/posts\/52715\/revisions"}],"predecessor-version":[{"id":52724,"href":"https:\/\/hablemosclarotdf.com.ar\/index.php?rest_route=\/wp\/v2\/posts\/52715\/revisions\/52724"}],"wp:featuredmedia":[{"embeddable":true,"href":"https:\/\/hablemosclarotdf.com.ar\/index.php?rest_route=\/wp\/v2\/media\/52716"}],"wp:attachment":[{"href":"https:\/\/hablemosclarotdf.com.ar\/index.php?rest_route=%2Fwp%2Fv2%2Fmedia&parent=52715"}],"wp:term":[{"taxonomy":"category","embeddable":true,"href":"https:\/\/hablemosclarotdf.com.ar\/index.php?rest_route=%2Fwp%2Fv2%2Fcategories&post=52715"},{"taxonomy":"post_tag","embeddable":true,"href":"https:\/\/hablemosclarotdf.com.ar\/index.php?rest_route=%2Fwp%2Fv2%2Ftags&post=52715"}],"curies":[{"name":"wp","href":"https:\/\/api.w.org\/{rel}","templated":true}]}}