{"id":52710,"date":"2025-10-01T09:45:36","date_gmt":"2025-10-01T12:45:36","guid":{"rendered":"https:\/\/hablemosclarotdf.com.ar\/?p=52710"},"modified":"2025-10-01T09:45:36","modified_gmt":"2025-10-01T12:45:36","slug":"rio-grande-el-municipio-acompano-a-mas-de-7200-personas-adultas-mayores-en-lo-que-va-del-2025","status":"publish","type":"post","link":"https:\/\/hablemosclarotdf.com.ar\/?p=52710","title":{"rendered":"RIO GRANDE : EL MUNICIPIO ACOMPA\u00d1\u00d3 A M\u00c1S DE 7200 PERSONAS ADULTAS MAYORES EN LO QUE VA DEL 2025"},"content":{"rendered":"<p>La gesti\u00f3n del intendente Mart\u00edn Perez sostiene como prioridad el cuidado y bienestar de las adultas y adultos mayores de la ciudad. Los programas municipales de &#8220;Acompa\u00f1amiento y Cuidado para Personas Mayores&#8221;, \u201cBien Activos\u201d y &#8220;Participaci\u00f3n Activa&#8221;, el Servicio de Geriatr\u00eda y la puesta en funcionamiento del Centro de Bienestar para Personas Adultas, son parte de la planificaci\u00f3n para su abordaje y acompa\u00f1amiento transversal.<\/p>\n<p>El Municipio de R\u00edo Grande sostiene diferentes acciones para el fortalecimiento y el acceso a los derechos de las adultas y adultos mayores.<\/p>\n<p>Por medio del Programa de Acompa\u00f1amiento y Cuidado para Personas Mayores se ampl\u00eda la llegada de asistencia y asesoramiento a adultos y adultas mayores, principalmente a aquellos que se encuentren atravesando alguna situaci\u00f3n de vulnerabilidad y\/o viven solos.<\/p>\n<p>El envejecimiento activo y la autonom\u00eda de los adultos y adultas mayores son ejes fundamentales de trabajo. A trav\u00e9s del Programa \u201cBien Activos\u201d se realizan diversos talleres y propuestas que contribuyen al cuidado f\u00edsico y emocional, as\u00ed como la vinculaci\u00f3n de las personas mayores con sus pares y sus familias. Son m\u00e1s de 7200 las personas mayores que participan de estas actividades, promoviendo su inclusi\u00f3n, socializaci\u00f3n y recreaci\u00f3n.<\/p>\n<p>En este marco, fue inaugurado recientemente el Centro de Bienestar para Personas Mayores \u201cPapa Francisco\u201d, cuya construcci\u00f3n fue finalizada con fondos propios por decisi\u00f3n pol\u00edtica de la gesti\u00f3n del intendente Mart\u00edn Perez. Este espacio, m\u00e1s amplio y con mayores comodidades, viene a reforzar las pol\u00edticas para el cuidado, la recreaci\u00f3n y la integraci\u00f3n de los adultos y adultas mayores riograndenses.<\/p>\n<p>Por medio del \u201cPrograma Municipal de Participaci\u00f3n Activa\u201d, el Estado Municipal acompa\u00f1a a los diferentes Centro de Jubilados con quienes se trabaja de forma permanente acompa\u00f1ando y destinando recursos para el funcionamiento de sus actividades. En l\u00ednea con el objetivo de fortalecer la labor interinstitucional, es que cada a\u00f1o se re\u00fane el Consejo del Adulto y Adulta Mayor, un espacio conformado por y para los jubilados y jubiladas riograndenses.<\/p>\n<p>El Municipio acompa\u00f1a a los adultos y adultas mayores de R\u00edo Grande de forma transversal. A trav\u00e9s de la Subsecretar\u00eda de Salud se impulsa pol\u00edticas concretas orientadas a su cuidado integral. Ejemplo de ello es la puesta en marcha del Servicio de Geriatr\u00eda y el Programa Municipal de Abordaje Integral de la Salud del Adulto Mayor, los cuales tienen como fin mejorar su calidad de vida, garantizando el acceso a una atenci\u00f3n integral, gratuita y especializada en salud f\u00edsica, mental, funcional y social, respetando su autonom\u00eda y la diversidad de esta poblaci\u00f3n.<\/p>\n<p>Asimismo, desde el \u00e1rea de Deportes se trabaja junto a las personas mayores en su inclusi\u00f3n deportiva con instancias de encuentro y recreaci\u00f3n. A ello se suma la implementaci\u00f3n de una pol\u00edtica vinculada al acceso a la tecnolog\u00eda desde la Secretar\u00eda de Gesti\u00f3n Ciudadana, mediante la cual se promueve la inclusi\u00f3n tecnol\u00f3gica de las personas mayores.<\/p>\n<p>La gesti\u00f3n municipal prioriza a las personas mayores y eso cobra vida en todas las pol\u00edticas integrales que, por decisi\u00f3n del intendente Mart\u00edn Perez, se promueven, se implementan y se sostienen de forma transversal en la ciudad.<\/p>\n<p><img loading=\"lazy\" decoding=\"async\" class=\"alignnone size-medium wp-image-52712\" src=\"https:\/\/hablemosclarotdf.com.ar\/wp-content\/uploads\/2025\/10\/photo_2025-10-01_09-44-36-300x200.jpg\" alt=\"\" width=\"300\" height=\"200\" srcset=\"https:\/\/hablemosclarotdf.com.ar\/wp-content\/uploads\/2025\/10\/photo_2025-10-01_09-44-36-300x200.jpg 300w, https:\/\/hablemosclarotdf.com.ar\/wp-content\/uploads\/2025\/10\/photo_2025-10-01_09-44-36-1024x682.jpg 1024w, https:\/\/hablemosclarotdf.com.ar\/wp-content\/uploads\/2025\/10\/photo_2025-10-01_09-44-36-768x512.jpg 768w, https:\/\/hablemosclarotdf.com.ar\/wp-content\/uploads\/2025\/10\/photo_2025-10-01_09-44-36.jpg 1280w\" sizes=\"auto, (max-width: 300px) 100vw, 300px\" \/> <img loading=\"lazy\" decoding=\"async\" class=\"alignnone size-medium wp-image-52713\" src=\"https:\/\/hablemosclarotdf.com.ar\/wp-content\/uploads\/2025\/10\/photo_2025-10-01_09-44-40-300x200.jpg\" alt=\"\" width=\"300\" height=\"200\" srcset=\"https:\/\/hablemosclarotdf.com.ar\/wp-content\/uploads\/2025\/10\/photo_2025-10-01_09-44-40-300x200.jpg 300w, https:\/\/hablemosclarotdf.com.ar\/wp-content\/uploads\/2025\/10\/photo_2025-10-01_09-44-40-1024x682.jpg 1024w, https:\/\/hablemosclarotdf.com.ar\/wp-content\/uploads\/2025\/10\/photo_2025-10-01_09-44-40-768x512.jpg 768w, https:\/\/hablemosclarotdf.com.ar\/wp-content\/uploads\/2025\/10\/photo_2025-10-01_09-44-40.jpg 1280w\" sizes=\"auto, (max-width: 300px) 100vw, 300px\" \/><\/p>\n","protected":false},"excerpt":{"rendered":"<p>La gesti\u00f3n del intendente Mart\u00edn Perez sostiene como prioridad el cuidado y bienestar de las&#8230;<\/p>\n","protected":false},"author":1,"featured_media":52711,"comment_status":"closed","ping_status":"closed","sticky":false,"template":"","format":"standard","meta":{"footnotes":""},"categories":[3],"tags":[],"class_list":["post-52710","post","type-post","status-publish","format-standard","has-post-thumbnail","hentry","category-noticias"],"jetpack_featured_media_url":"https:\/\/hablemosclarotdf.com.ar\/wp-content\/uploads\/2025\/10\/photo_2025-10-01_09-44-28.jpg","_links":{"self":[{"href":"https:\/\/hablemosclarotdf.com.ar\/index.php?rest_route=\/wp\/v2\/posts\/52710","targetHints":{"allow":["GET"]}}],"collection":[{"href":"https:\/\/hablemosclarotdf.com.ar\/index.php?rest_route=\/wp\/v2\/posts"}],"about":[{"href":"https:\/\/hablemosclarotdf.com.ar\/index.php?rest_route=\/wp\/v2\/types\/post"}],"author":[{"embeddable":true,"href":"https:\/\/hablemosclarotdf.com.ar\/index.php?rest_route=\/wp\/v2\/users\/1"}],"replies":[{"embeddable":true,"href":"https:\/\/hablemosclarotdf.com.ar\/index.php?rest_route=%2Fwp%2Fv2%2Fcomments&post=52710"}],"version-history":[{"count":1,"href":"https:\/\/hablemosclarotdf.com.ar\/index.php?rest_route=\/wp\/v2\/posts\/52710\/revisions"}],"predecessor-version":[{"id":52714,"href":"https:\/\/hablemosclarotdf.com.ar\/index.php?rest_route=\/wp\/v2\/posts\/52710\/revisions\/52714"}],"wp:featuredmedia":[{"embeddable":true,"href":"https:\/\/hablemosclarotdf.com.ar\/index.php?rest_route=\/wp\/v2\/media\/52711"}],"wp:attachment":[{"href":"https:\/\/hablemosclarotdf.com.ar\/index.php?rest_route=%2Fwp%2Fv2%2Fmedia&parent=52710"}],"wp:term":[{"taxonomy":"category","embeddable":true,"href":"https:\/\/hablemosclarotdf.com.ar\/index.php?rest_route=%2Fwp%2Fv2%2Fcategories&post=52710"},{"taxonomy":"post_tag","embeddable":true,"href":"https:\/\/hablemosclarotdf.com.ar\/index.php?rest_route=%2Fwp%2Fv2%2Ftags&post=52710"}],"curies":[{"name":"wp","href":"https:\/\/api.w.org\/{rel}","templated":true}]}}