{"id":52643,"date":"2025-09-30T16:46:04","date_gmt":"2025-09-30T19:46:04","guid":{"rendered":"https:\/\/hablemosclarotdf.com.ar\/?p=52643"},"modified":"2025-09-30T16:52:07","modified_gmt":"2025-09-30T19:52:07","slug":"gobernadores-de-provincias-unidas-buscan-romper-polarizacion-estamos-podridos-de-elegir-cristina-o-milei","status":"publish","type":"post","link":"https:\/\/hablemosclarotdf.com.ar\/?p=52643","title":{"rendered":"Gobernadores de Provincias Unidas buscan romper polarizaci\u00f3n: \u201cEstamos podridos de elegir Cristina o Milei\u201d"},"content":{"rendered":"<div class=\"header\">\n<p>El frente que integran seis gobernadores se mostr\u00f3 en Chubut para posicionarse como alternativa hacia el 26 de octubre. \u201cEn Buenos Aires somos ninguneados\u201d, se quej\u00f3 Vald\u00e9s. Torres, en tanto, se\u00f1al\u00f3: \u201cEstamos podridos de elegir entre Cristina y Milei\u201d<\/p>\n<p>martes 30\/09\/2025 &#8211; 15:57<\/p>\n<\/div>\n<div class=\"post-content format-text mb-4 mt-2\">\n<article class=\"news news-medium news-small\"><a class=\"imagewrap\" href=\"https:\/\/www.elcomodorense.net\/o-provincias-unidas-hizo-un-duro-diagnostico-sobre-la-gestion-de-milei-con-un-discurso-antipolarizacion\/\"><img decoding=\"async\" class=\"lazyload rounded\" src=\"https:\/\/www.elcomodorense.net\/wp-content\/uploads\/2025\/09\/provincias-unidas-514x320.png\" alt=\"Gobernadores de Provincias Unidas buscan romper polarizaci\u00f3n: \u201cEstamos podridos de elegir Cristina\u00a0o\u00a0Milei\u201d\" data-src=\"https:\/\/www.elcomodorense.net\/wp-content\/uploads\/2025\/09\/provincias-unidas-514x320.png\" \/><\/a><\/article>\n<div class=\"row mt-0 pb-0 mb-4 \">\n<div id=\"shareSection\" class=\"col-md-5 d-md-flex align-items-center\">\n<ul class=\"social-share ml-0 ml-md-3\" data-url=\"https:\/\/www.elcomodorense.net\/o-provincias-unidas-hizo-un-duro-diagnostico-sobre-la-gestion-de-milei-con-un-discurso-antipolarizacion\/\" data-title=\"Gobernadores de Provincias Unidas buscan romper polarizaci\u00f3n: \u201cEstamos podridos de elegir Cristina\u00a0o\u00a0Milei\u201d\">EL frente que lleva como candidato a la sensduria por tierra del fuego a PABLO\u00a0 BLANCO\u00a0 se reunieron\u00a0 hoy &#8230;&#8230;&#8230;&#8230;&#8230;..<\/ul>\n<\/div>\n<\/div>\n<p>Los seis gobernadores que integran Provincias Unidas encabezaron\u00a0un acto en Chubut, donde exhibieron unidad y un discurso claro de cara a las elecciones del 26 de octubre. Los mandatarios hicieron un\u00a0<strong>duro diagn\u00f3stico sobre la gesti\u00f3n de Javier Milei<\/strong>, con denuncias sobre la falta de \u201csensibilidad\u201d hacia los sectores m\u00e1s vulnerables y \u201cninguneo\u201d a las necesidades del interior del pa\u00eds.\u00a0<strong>\u201cAs\u00ed como va, claramente nos lleva al abismo\u201d<\/strong>, alert\u00f3\u00a0<strong>Claudio Vidal<\/strong>, gobernador de Santa Cruz.<\/p>\n<p><strong>Ignacio \u201cNacho\u201d Torres\u00a0<\/strong>recibi\u00f3 en Puerto Madryn a Vidal,\u00a0<strong>Gustavo Vald\u00e9s\u00a0<\/strong>(Corrientes),\u00a0<strong>Carlos Sadir\u00a0<\/strong>(Jujuy),<strong>\u00a0Maximiliano Pullaro\u00a0<\/strong>(Santa Fe) y\u00a0<strong>Mart\u00edn Llaryora<\/strong>\u00a0(C\u00f3rdoba). Antes de la conferencia de prensa, a las 11:30 en el Hotel Rayentray, los dirigentes visitaron la planta de aluminio ALUAR, donde se reunieron con el presidente de la compa\u00f1\u00eda,\u00a0<strong>Javier Madanes<\/strong>.<\/p>\n<p>Vidal tom\u00f3 como referencia el pasado de Santa Cruz, cuna de\u00a0<strong>N\u00e9stor Kirchner<\/strong>, al afirmar que el kirchnerismo \u201ccasi funde el pa\u00eds\u201d, pero consider\u00f3 que la actual gesti\u00f3n\u00a0<strong>\u201clo est\u00e1 logrando\u201d<\/strong>. \u201cEst\u00e1n exterminando la posibilidad de que como argentinos podamos salir adelante. Mucho tiene que ver con la soberbia. Mucho tiene que ver con la falta de respeto. Mucho tiene que ver con la falta de di\u00e1logo. Y algunas de las decisiones que se han tomado tienen que ver, lamentablemente, con el desconocimiento del interior nacional productivo\u201d, expres\u00f3.<\/p>\n<figure class=\"wp-block-image size-full\"><a href=\"https:\/\/www.elcomodorense.net\/wp-content\/uploads\/2025\/09\/image-450.png\"><img loading=\"lazy\" decoding=\"async\" class=\"wp-image-683887\" src=\"https:\/\/www.elcomodorense.net\/wp-content\/uploads\/2025\/09\/image-450.png\" sizes=\"auto, (max-width: 992px) 100vw, 992px\" srcset=\"https:\/\/www.elcomodorense.net\/wp-content\/uploads\/2025\/09\/image-450.png 992w, https:\/\/www.elcomodorense.net\/wp-content\/uploads\/2025\/09\/image-450-768x432.png 768w\" alt=\"\" width=\"992\" height=\"558\" \/><\/a><figcaption class=\"wp-element-caption\">Los gobernadores recorrieron la planta de aluminio ALUAR, donde se reunieron con el presidente de la compa\u00f1\u00eda, Javier Madanes<\/figcaption><\/figure>\n<p>\u201cEl gobierno nacional no nos puede apuntar con el dedo y afirmar que estamos en contra de este pa\u00eds. Todo lo contrario, personalmente quiero que le vaya bien<strong>\u00a0al Gobierno, porque entiendo que de esa forma le puede ir bien a nuestro pa\u00eds. Pero as\u00ed como va, claramente nos lleva al abismo.<\/strong>\u00a0La pol\u00edtica econ\u00f3mica de este Gobierno no funciona: el ajuste no es la receta para poder salir adelante, el ajuste es la receta para generar m\u00e1s pobreza y eso est\u00e1 demostrado. A lo largo de los a\u00f1os, este tipo de pol\u00edticas han perjudicado el desarrollo de nuestro pa\u00eds\u201d, agreg\u00f3.<\/p>\n<p>Adem\u00e1s, ponder\u00f3 a Provincias Unidas, que seg\u00fan detall\u00f3 se sostiene en \u201ctres cuestiones sumamente fundamentales: la educaci\u00f3n como base de la sociedad, la producci\u00f3n y el trabajo como base de la econom\u00eda. En estos tres puntos, el Gobierno nacional, lamentablemente, le ha dado la espalda\u201d. Y concluy\u00f3: \u201cEsto lo tenemos que cambiar. No podemos esperar dos a\u00f1os m\u00e1s a tener un nuevo Gobierno. Tenemos que trabajar en un nuevo proyecto pol\u00edtico. Yo no estar\u00eda tan preocupado por qui\u00e9n lo conduce; estar\u00eda preocupado por seguir trabajando con ustedes para redactar el proyecto que necesita realmente este pa\u00eds con los trabajadores adentro\u201d.<\/p>\n<p>Sadir, a su turno, reclam\u00f3 debatir el Presupuesto 2026 y advirti\u00f3 que para eso se \u201cnecesita del di\u00e1logo, necesitamos la participaci\u00f3n de todos los actores, fundamentalmente de las provincias\u201d. Y agreg\u00f3: \u201cSi pensamos que gestionar, como lo est\u00e1 haciendo este Gobierno, significa que la \u00fanica herramienta de gesti\u00f3n es la motosierra, estamos perdidos. No vamos a ning\u00fan lado si pensamos que esa es la \u00fanica herramienta\u201d.<\/p>\n<figure class=\"wp-block-image size-full\"><a href=\"https:\/\/www.elcomodorense.net\/wp-content\/uploads\/2025\/09\/image-451.png\"><img loading=\"lazy\" decoding=\"async\" class=\"wp-image-683888\" src=\"https:\/\/www.elcomodorense.net\/wp-content\/uploads\/2025\/09\/image-451.png\" sizes=\"auto, (max-width: 992px) 100vw, 992px\" srcset=\"https:\/\/www.elcomodorense.net\/wp-content\/uploads\/2025\/09\/image-451.png 992w, https:\/\/www.elcomodorense.net\/wp-content\/uploads\/2025\/09\/image-451-768x432.png 768w\" alt=\"\" width=\"992\" height=\"558\" \/><\/a><\/figure>\n<p>El gobernador juje\u00f1o reconoci\u00f3 que el pa\u00eds necesita orden macroecon\u00f3mico, pero subray\u00f3:<strong>\u00a0\u201cTambi\u00e9n necesitamos sensibilidad. Tambi\u00e9n necesitamos equilibrio presupuestario y super\u00e1vit fiscal, pero no a costa de la gente.\u00a0<\/strong>Este trabajo que tenemos que hacer es con la gente y no podemos tener gobiernos insensibles que no atienden a los m\u00e1s vulnerables. Eso ya lo hemos visto en esta cantidad de vetos que ha planteado el Gobierno nacional, que muestran justamente esa insensibilidad\u201d.<\/p>\n<p><strong>Vald\u00e9s denunci\u00f3 que las provincias son \u201cninguneadas en Buenos Aires\u201d<\/strong>. \u201cNos ningunean, nos destratan, no nos atienden. En un caso, porque somos provincias chicas; en otro, porque somos provincias pobres; en otros casos, porque son patag\u00f3nicos; en otro, porque son del centro. Pero permanentemente las provincias argentinas son ninguneadas en Buenos Aires, y eso tiene que terminar en una Rep\u00fablica Argentina que se quiere levantar\u201d, protest\u00f3 el correntino.<\/p>\n<p>De cara a la elecci\u00f3n legislativa, el gobernador de Corrientes resalt\u00f3 la necesidad de fortalecerse en el Congreso porque, seg\u00fan denunci\u00f3, \u201cpermanentemente nos ponen se\u00f1uelos para que los diputados no respondan a los intereses de la provincia o que los senadores no respondan a los intereses de la provincia\u201d. Tambi\u00e9n mostr\u00f3 su malestar por el demorado nombramiento de Lisandro Catal\u00e1n al frente del Ministerio del Interior: \u201cEso realmente duele, porque dicen \u2018ustedes no tienen programa\u2019\u201d. De todos modos, insisti\u00f3 en que \u201cno hay mesas\u201d para dialogar con la Casa Rosada. \u201cNo hay con qui\u00e9n hablar\u201d, remarc\u00f3.<\/p>\n<p><strong>\u201cEn 2027 vamos a poner un presidente federal\u201d,<\/strong>\u00a0prometi\u00f3 en un discurso efusivo Llaryora. Consultado sobre el futuro del espacio despu\u00e9s de la elecci\u00f3n legislativa, afirm\u00f3: \u201cEste es el primer paso. Ahora vamos por el Congreso. Esta es la plataforma que va a cambiar la Argentina para salir de esta situaci\u00f3n de extrema pobreza, de desempleo y de frustraci\u00f3n. Somos los del interior federal, o no ser\u00e1 nadie\u201d.<\/p>\n<p>El gobernador cordob\u00e9s, acompa\u00f1ado por su candidato a diputado\u00a0<strong>Juan Schiaretti<\/strong>, advirti\u00f3 que \u201clos que hoy est\u00e1n fracasando ya es la segunda vez que le van a pedir ayuda a Estados Unidos. El fracaso es el modelo. No hay pa\u00eds en el mundo que crea en la libertad del mercado sin tener un Estado inteligente, un Estado eficiente y un modelo productivo y federal que defienda cada puesto de trabajo en cada lugar de la patria\u201d.<\/p>\n<p>En esa misma l\u00ednea, Schiaretti consider\u00f3 que en la pr\u00f3xima elecci\u00f3n Milei va a representar \u201cuno de los polos\u201d, pero que del otro lado \u201cno va a quedar como alternativa el kirchnerismo, que se est\u00e1 apagando como una llamita. Una nueva alternativa debe expresar lo que el modelo de Milei no expresa\u201d.\u00a0<strong>\u201cEste modelo muestra insensibilidad\u201d<\/strong>, alert\u00f3 al cuestionar el ajuste a las jubilaciones, al presupuesto de las universidades y a la salud p\u00fablica.<\/p>\n<p><strong>Pullaro\u00a0<\/strong>tambi\u00e9n profundiz\u00f3 su mirada contra la polarizaci\u00f3n al resaltar que Provincias Unidas \u201cno es la tercera v\u00eda\u201d, sino que representa \u201cla \u00fanica posibilidad que tiene la Rep\u00fablica Argentina para que no vuelva el kirchnerismo a gobernar nunca m\u00e1s nuestro pa\u00eds\u201d. Y apunt\u00f3 contra Milei: \u201c<strong>No alcanza con hacerse el loquito, andar gritando y pele\u00e1ndose con todo el mundo\u201d<\/strong>.<\/p>\n<p>Adem\u00e1s, el gobernador santafesino se refiri\u00f3 a las dudas que surgieron respecto a las listas del espacio en territorio bonaerense y porte\u00f1o, donde se referencian Florencio Randazzo y Mart\u00edn Lousteau. \u201cSi a nosotros nos va bien, al conurbano y a Capital Federal tambi\u00e9n les va a ir bien, porque lo que pretendemos no son planes ni punteros, no es especulaci\u00f3n financiera ni timba. Lo que queremos es un pa\u00eds que pueda tener trabajo y producci\u00f3n. Y esa es la Argentina que viene\u201d, concluy\u00f3.<\/p>\n<p>En el cierre del acto, Ignacio Torres lanz\u00f3 duras cr\u00edticas al Gobierno nacional y denunci\u00f3 la falta de respeto hacia las provincias. \u201cNo permitimos que nos falten el respeto ni que nos pisen la cabeza. No puede ser que ejemplifiquen al resto de las provincias pis\u00e1ndole la cabeza a Chubut. Con dolor ve\u00edamos c\u00f3mo en una conferencia de prensa se re\u00edan de los nombres de nuestros pueblos y de nuestras fiestas populares, que son cultura y generan trabajo. La Argentina necesita una dirigencia que llame a la unidad nacional y que d\u00e9 la cara para defender a quienes producen y trabajan\u201d, sostuvo.<\/p>\n<p>El mandatario chubutense tambi\u00e9n apunt\u00f3 contra el rumbo econ\u00f3mico y el centralismo. \u201cEstamos cansados de tener que elegir entre los que abandonan la obra p\u00fablica y los que se la roban. Queremos discutir desarrollo. No nos sirve un Congreso obsecuente a Milei ni un Congreso obsecuente a Cristina. Necesitamos voces que defiendan a los pueblos que producen. La Argentina va a crecer mirando al interior, no mirando al Obelisco. Romper la polarizaci\u00f3n es la \u00fanica forma de levantar las banderas del trabajo, de la producci\u00f3n y del federalismo\u201d, enfatiz\u00f3.<\/p>\n<p>Por \u00faltimo, Torres complet\u00f3: \u201cSomos una fuerza que est\u00e1 naciendo desde el interior, enfocados 100% en la gesti\u00f3n y en dar respuestas y generar soluciones concretas a los problemas de la gente. Nuestro desaf\u00edo en estas elecciones es romper con la polarizaci\u00f3n.\u00a0<strong>Estamos podridos de elegir entre Cristina y Milei\u201d.<\/strong><\/p>\n<\/div>\n","protected":false},"excerpt":{"rendered":"<p>El frente que integran seis gobernadores se mostr\u00f3 en Chubut para posicionarse como alternativa hacia&#8230;<\/p>\n","protected":false},"author":1,"featured_media":52645,"comment_status":"closed","ping_status":"closed","sticky":false,"template":"","format":"standard","meta":{"footnotes":""},"categories":[3],"tags":[],"class_list":["post-52643","post","type-post","status-publish","format-standard","has-post-thumbnail","hentry","category-noticias"],"jetpack_featured_media_url":"https:\/\/hablemosclarotdf.com.ar\/wp-content\/uploads\/2025\/09\/provincias-unidas-514x320-1.png","_links":{"self":[{"href":"https:\/\/hablemosclarotdf.com.ar\/index.php?rest_route=\/wp\/v2\/posts\/52643","targetHints":{"allow":["GET"]}}],"collection":[{"href":"https:\/\/hablemosclarotdf.com.ar\/index.php?rest_route=\/wp\/v2\/posts"}],"about":[{"href":"https:\/\/hablemosclarotdf.com.ar\/index.php?rest_route=\/wp\/v2\/types\/post"}],"author":[{"embeddable":true,"href":"https:\/\/hablemosclarotdf.com.ar\/index.php?rest_route=\/wp\/v2\/users\/1"}],"replies":[{"embeddable":true,"href":"https:\/\/hablemosclarotdf.com.ar\/index.php?rest_route=%2Fwp%2Fv2%2Fcomments&post=52643"}],"version-history":[{"count":2,"href":"https:\/\/hablemosclarotdf.com.ar\/index.php?rest_route=\/wp\/v2\/posts\/52643\/revisions"}],"predecessor-version":[{"id":52646,"href":"https:\/\/hablemosclarotdf.com.ar\/index.php?rest_route=\/wp\/v2\/posts\/52643\/revisions\/52646"}],"wp:featuredmedia":[{"embeddable":true,"href":"https:\/\/hablemosclarotdf.com.ar\/index.php?rest_route=\/wp\/v2\/media\/52645"}],"wp:attachment":[{"href":"https:\/\/hablemosclarotdf.com.ar\/index.php?rest_route=%2Fwp%2Fv2%2Fmedia&parent=52643"}],"wp:term":[{"taxonomy":"category","embeddable":true,"href":"https:\/\/hablemosclarotdf.com.ar\/index.php?rest_route=%2Fwp%2Fv2%2Fcategories&post=52643"},{"taxonomy":"post_tag","embeddable":true,"href":"https:\/\/hablemosclarotdf.com.ar\/index.php?rest_route=%2Fwp%2Fv2%2Ftags&post=52643"}],"curies":[{"name":"wp","href":"https:\/\/api.w.org\/{rel}","templated":true}]}}