{"id":52635,"date":"2025-09-30T16:28:24","date_gmt":"2025-09-30T19:28:24","guid":{"rendered":"https:\/\/hablemosclarotdf.com.ar\/?p=52635"},"modified":"2025-09-30T16:28:24","modified_gmt":"2025-09-30T19:28:24","slug":"rio-grande-el-centro-integral-mujeres-centenarias-celebro-su-tercer-aniversario","status":"publish","type":"post","link":"https:\/\/hablemosclarotdf.com.ar\/?p=52635","title":{"rendered":"RIO GRANDE :EL CENTRO INTEGRAL \u201cMUJERES CENTENARIAS\u201d CELEBR\u00d3 SU TERCER ANIVERSARIO"},"content":{"rendered":"<p>La Secretar\u00eda de G\u00e9nero y Desarrollo Comunitario conmemor\u00f3 el tercer aniversario del Centro Integral de la Mujer con una velada art\u00edstica, celebrando en comunidad este espacio de referencia regional en materia de contenci\u00f3n y equidad.<\/p>\n<p>El Centro Integral de la Mujer \u201cMujeres Centenarias\u201d fue construido durante la gesti\u00f3n del intendente Mart\u00edn Perez, en articulaci\u00f3n con el gobierno nacional anterior, con el objetivo de dar respuesta a una demanda hist\u00f3rica de las mujeres y diversidades de R\u00edo Grande, mediante el fortalecimiento de la atenci\u00f3n hacia personas que atraviesan situaciones de violencia por motivos de g\u00e9nero, as\u00ed como tambi\u00e9n ofrecer actividades de contenci\u00f3n, recreaci\u00f3n y promoci\u00f3n del bienestar integral de ellas y sus familias.<\/p>\n<p>En este sentido, el Municipio de R\u00edo Grande, a trav\u00e9s de la Secretar\u00eda de G\u00e9nero y Desarrollo Comunitario, llev\u00f3 a cabo una Velada Art\u00edstica junto a la Subsecretar\u00eda de Cultura, donde la artista Millacura, acompa\u00f1ada por la Orquesta Municipal Kayen, deleit\u00f3 a los presentes con un repertorio musical diverso.<\/p>\n<p>Adem\u00e1s, se inaugur\u00f3 una biblioteca que cuenta con obras de autoras fueguinas, como Renata Ferreyra, Silvia Mendez, Fran Acevedo y Mirtha Aracena, quienes tambi\u00e9n participaron del evento leyendo fragmentos de sus libros. Este espacio tiene como fin que mujeres e infancias puedan acceder a lecturas de escritoras locales.<\/p>\n<p>La actividad cont\u00f3 con la participaci\u00f3n de vecinas referentas de organizaciones sociales, pol\u00edticas y miembros de centros de jubiladas y jubilados.<\/p>\n<p>Al respecto, la secretaria de G\u00e9nero y Desarrollo Comunitario, Ivana Ybars destac\u00f3 que \u201ceste aniversario es, ante todo, un reconocimiento a las mujeres y diversidades que confiaron en este espacio. Tambi\u00e9n es un agradecimiento sincero al equipo interdisciplinario que cada d\u00eda sostiene con compromiso y sensibilidad la atenci\u00f3n psicol\u00f3gica, socioecon\u00f3mica y jur\u00eddica a las mujeres que atraviesan situaciones de violencia\u201d.<\/p>\n<p>En tal sentido, subray\u00f3 que \u201cbajo las pol\u00edticas de g\u00e9nero que sostiene el intendente Mart\u00edn Perez, son tres a\u00f1os de acompa\u00f1ar, cuidar y demostrar que en R\u00edo Grande la igualdad y los derechos se construyen todos los d\u00edas, juntas y juntos\u201d.<\/p>\n<p>Por su parte, la subsecretaria de G\u00e9nero, Luz Torres sostuvo que \u201cen la inauguraci\u00f3n de la biblioteca estuvo presente Bel\u00e9n Ahumada, quien impuls\u00f3 la idea de que las mujeres tengan un lugar de lectura, que resalte y visibilice las voces femeninas de nuestra provincia. La biblioteca no solo permite acceder a libros, sino que tambi\u00e9n abre un espacio para el intercambio, creando redes de apoyo y difusi\u00f3n cultural\u201d.<\/p>\n<p>&#8220;La participaci\u00f3n de las vecinas es fundamental para el sostenimiento de las pol\u00edticas de g\u00e9nero. Crear estos lugares de encuentro entre mujeres es crucial para seguir conquistando espacios como el Centro Integral de Mujeres \u00abMujeres Centenarias\u00bb&#8221;, concluy\u00f3.<\/p>\n<p><img loading=\"lazy\" decoding=\"async\" class=\"alignnone size-medium wp-image-52637\" src=\"https:\/\/hablemosclarotdf.com.ar\/wp-content\/uploads\/2025\/09\/photo_2025-09-30_16-27-00-300x200.jpg\" alt=\"\" width=\"300\" height=\"200\" srcset=\"https:\/\/hablemosclarotdf.com.ar\/wp-content\/uploads\/2025\/09\/photo_2025-09-30_16-27-00-300x200.jpg 300w, https:\/\/hablemosclarotdf.com.ar\/wp-content\/uploads\/2025\/09\/photo_2025-09-30_16-27-00-1024x682.jpg 1024w, https:\/\/hablemosclarotdf.com.ar\/wp-content\/uploads\/2025\/09\/photo_2025-09-30_16-27-00-768x512.jpg 768w, https:\/\/hablemosclarotdf.com.ar\/wp-content\/uploads\/2025\/09\/photo_2025-09-30_16-27-00-1536x1023.jpg 1536w, https:\/\/hablemosclarotdf.com.ar\/wp-content\/uploads\/2025\/09\/photo_2025-09-30_16-27-00.jpg 1600w\" sizes=\"auto, (max-width: 300px) 100vw, 300px\" \/> <img loading=\"lazy\" decoding=\"async\" class=\"alignnone size-medium wp-image-52638\" src=\"https:\/\/hablemosclarotdf.com.ar\/wp-content\/uploads\/2025\/09\/photo_2025-09-30_16-27-12-300x200.jpg\" alt=\"\" width=\"300\" height=\"200\" srcset=\"https:\/\/hablemosclarotdf.com.ar\/wp-content\/uploads\/2025\/09\/photo_2025-09-30_16-27-12-300x200.jpg 300w, https:\/\/hablemosclarotdf.com.ar\/wp-content\/uploads\/2025\/09\/photo_2025-09-30_16-27-12-1024x682.jpg 1024w, https:\/\/hablemosclarotdf.com.ar\/wp-content\/uploads\/2025\/09\/photo_2025-09-30_16-27-12-768x512.jpg 768w, https:\/\/hablemosclarotdf.com.ar\/wp-content\/uploads\/2025\/09\/photo_2025-09-30_16-27-12-1536x1023.jpg 1536w, https:\/\/hablemosclarotdf.com.ar\/wp-content\/uploads\/2025\/09\/photo_2025-09-30_16-27-12.jpg 1600w\" sizes=\"auto, (max-width: 300px) 100vw, 300px\" \/><\/p>\n","protected":false},"excerpt":{"rendered":"<p>La Secretar\u00eda de G\u00e9nero y Desarrollo Comunitario conmemor\u00f3 el tercer aniversario del Centro Integral de&#8230;<\/p>\n","protected":false},"author":1,"featured_media":52636,"comment_status":"closed","ping_status":"closed","sticky":false,"template":"","format":"standard","meta":{"footnotes":""},"categories":[3],"tags":[],"class_list":["post-52635","post","type-post","status-publish","format-standard","has-post-thumbnail","hentry","category-noticias"],"jetpack_featured_media_url":"https:\/\/hablemosclarotdf.com.ar\/wp-content\/uploads\/2025\/09\/photo_2025-09-30_16-26-52.jpg","_links":{"self":[{"href":"https:\/\/hablemosclarotdf.com.ar\/index.php?rest_route=\/wp\/v2\/posts\/52635","targetHints":{"allow":["GET"]}}],"collection":[{"href":"https:\/\/hablemosclarotdf.com.ar\/index.php?rest_route=\/wp\/v2\/posts"}],"about":[{"href":"https:\/\/hablemosclarotdf.com.ar\/index.php?rest_route=\/wp\/v2\/types\/post"}],"author":[{"embeddable":true,"href":"https:\/\/hablemosclarotdf.com.ar\/index.php?rest_route=\/wp\/v2\/users\/1"}],"replies":[{"embeddable":true,"href":"https:\/\/hablemosclarotdf.com.ar\/index.php?rest_route=%2Fwp%2Fv2%2Fcomments&post=52635"}],"version-history":[{"count":1,"href":"https:\/\/hablemosclarotdf.com.ar\/index.php?rest_route=\/wp\/v2\/posts\/52635\/revisions"}],"predecessor-version":[{"id":52639,"href":"https:\/\/hablemosclarotdf.com.ar\/index.php?rest_route=\/wp\/v2\/posts\/52635\/revisions\/52639"}],"wp:featuredmedia":[{"embeddable":true,"href":"https:\/\/hablemosclarotdf.com.ar\/index.php?rest_route=\/wp\/v2\/media\/52636"}],"wp:attachment":[{"href":"https:\/\/hablemosclarotdf.com.ar\/index.php?rest_route=%2Fwp%2Fv2%2Fmedia&parent=52635"}],"wp:term":[{"taxonomy":"category","embeddable":true,"href":"https:\/\/hablemosclarotdf.com.ar\/index.php?rest_route=%2Fwp%2Fv2%2Fcategories&post=52635"},{"taxonomy":"post_tag","embeddable":true,"href":"https:\/\/hablemosclarotdf.com.ar\/index.php?rest_route=%2Fwp%2Fv2%2Ftags&post=52635"}],"curies":[{"name":"wp","href":"https:\/\/api.w.org\/{rel}","templated":true}]}}