{"id":52588,"date":"2025-09-30T13:47:02","date_gmt":"2025-09-30T16:47:02","guid":{"rendered":"https:\/\/hablemosclarotdf.com.ar\/?p=52588"},"modified":"2025-09-30T13:47:02","modified_gmt":"2025-09-30T16:47:02","slug":"ushuaia-emprendemos-desde-el-sur-gran-expo-de-emprendedores-de-la-provincia","status":"publish","type":"post","link":"https:\/\/hablemosclarotdf.com.ar\/?p=52588","title":{"rendered":"USHUAIA : EMPRENDEMOS DESDE EL SUR: GRAN EXPO DE EMPRENDEDORES DE LA PROVINCIA"},"content":{"rendered":"<p>El pr\u00f3ximo viernes 10 de octubre de 12 a 17 horas, en el estacionamiento del Puerto de Ushuaia, se llevar\u00e1 a cabo \u201cEmprendemos desde el Sur\u201d, una feria al aire libre que reunir\u00e1 a emprendedores y emprendedoras de toda la provincia.<\/p>\n<p>La jornada ser\u00e1 una oportunidad para exponer productos y propuestas, generar contactos y compartir experiencias, impulsando la innovaci\u00f3n y fortaleciendo la econom\u00eda local.<\/p>\n<p>Podr\u00e1n participar feriantes, productores y productoras interesados en presentar sus proyectos. Para sumarse, deber\u00e1n completar el formulario de preinscripci\u00f3n disponible en el siguiente enlace:<\/p>\n<p>https:\/\/inscripciones.website\/emprendemos-desde-el-sur\/<\/p>\n<p>La actividad es organizada de manera conjunta por el Gobierno de la Provincia y la Municipalidad de Ushuaia y coincide con la celebraci\u00f3n del 141\u00b0 aniversario de la capital provincial.<\/p>\n","protected":false},"excerpt":{"rendered":"<p>El pr\u00f3ximo viernes 10 de octubre de 12 a 17 horas, en el estacionamiento del&#8230;<\/p>\n","protected":false},"author":1,"featured_media":52589,"comment_status":"closed","ping_status":"closed","sticky":false,"template":"","format":"standard","meta":{"footnotes":""},"categories":[3],"tags":[],"class_list":["post-52588","post","type-post","status-publish","format-standard","has-post-thumbnail","hentry","category-noticias"],"jetpack_featured_media_url":"https:\/\/hablemosclarotdf.com.ar\/wp-content\/uploads\/2025\/09\/photo_2025-09-30_13-45-05.jpg","_links":{"self":[{"href":"https:\/\/hablemosclarotdf.com.ar\/index.php?rest_route=\/wp\/v2\/posts\/52588","targetHints":{"allow":["GET"]}}],"collection":[{"href":"https:\/\/hablemosclarotdf.com.ar\/index.php?rest_route=\/wp\/v2\/posts"}],"about":[{"href":"https:\/\/hablemosclarotdf.com.ar\/index.php?rest_route=\/wp\/v2\/types\/post"}],"author":[{"embeddable":true,"href":"https:\/\/hablemosclarotdf.com.ar\/index.php?rest_route=\/wp\/v2\/users\/1"}],"replies":[{"embeddable":true,"href":"https:\/\/hablemosclarotdf.com.ar\/index.php?rest_route=%2Fwp%2Fv2%2Fcomments&post=52588"}],"version-history":[{"count":1,"href":"https:\/\/hablemosclarotdf.com.ar\/index.php?rest_route=\/wp\/v2\/posts\/52588\/revisions"}],"predecessor-version":[{"id":52590,"href":"https:\/\/hablemosclarotdf.com.ar\/index.php?rest_route=\/wp\/v2\/posts\/52588\/revisions\/52590"}],"wp:featuredmedia":[{"embeddable":true,"href":"https:\/\/hablemosclarotdf.com.ar\/index.php?rest_route=\/wp\/v2\/media\/52589"}],"wp:attachment":[{"href":"https:\/\/hablemosclarotdf.com.ar\/index.php?rest_route=%2Fwp%2Fv2%2Fmedia&parent=52588"}],"wp:term":[{"taxonomy":"category","embeddable":true,"href":"https:\/\/hablemosclarotdf.com.ar\/index.php?rest_route=%2Fwp%2Fv2%2Fcategories&post=52588"},{"taxonomy":"post_tag","embeddable":true,"href":"https:\/\/hablemosclarotdf.com.ar\/index.php?rest_route=%2Fwp%2Fv2%2Ftags&post=52588"}],"curies":[{"name":"wp","href":"https:\/\/api.w.org\/{rel}","templated":true}]}}