{"id":52581,"date":"2025-09-30T12:14:28","date_gmt":"2025-09-30T15:14:28","guid":{"rendered":"https:\/\/hablemosclarotdf.com.ar\/?p=52581"},"modified":"2025-09-30T12:14:28","modified_gmt":"2025-09-30T15:14:28","slug":"ushuaia-la-municipalidad-abre-las-inscripciones-al-taller-de-teatro","status":"publish","type":"post","link":"https:\/\/hablemosclarotdf.com.ar\/?p=52581","title":{"rendered":"USHUAIA : LA MUNICIPALIDAD  ABRE LAS INSCRIPCIONES AL TALLER DE \u201cTEATRO\u201d"},"content":{"rendered":"<p>La Secretar\u00eda de Cultura y Educaci\u00f3n de la Municipalidad de Ushuaia informa a vecinos y vecinas que se encuentran abiertas las inscripciones al Taller de \u201cTeatro\u201d a cargo del profesor Fabi\u00e1n Bordoy. El mismo comenzar\u00e1 sus actividades el d\u00eda lunes 6 de octubre y tendr\u00e1 cupos limitados.<br \/>\nDicho taller, que se dictar\u00e1 en la sede de los Talleres Culturales Municipales ubicada en Fagnano N\u00b0 486, contar\u00e1 con un grupo destinado a ni\u00f1os de 9 a 11 a\u00f1os con clases los d\u00edas lunes y mi\u00e9rcoles de 19:00 a 20:00 horas. El segundo grupo, de adolescentes de 12 a 17 a\u00f1os, tendr\u00e1 clases los d\u00edas martes y jueves de 20:00 a 21:00 horas. Qui\u00e9nes deseen inscribirse, podr\u00e1n hacerlo v\u00eda WhatsApp al 2901-400987.<br \/>\nVanina Ojeda, subsecretaria de Cultura, resalt\u00f3 que \u201cdesde la gesti\u00f3n municipal seguimos ampliando la oferta de talleres culturales, entendiendo que estos son espacios de encuentro y aprendizaje, por lo que es necesario acercarle a la comunidad propuestas diversas para todas las edades\u201d.<br \/>\nPara conocer m\u00e1s sobre los Talleres Culturales Municipales, las y los interesados podr\u00e1n visitar las redes sociales de la Secretar\u00eda de Cultura y Educaci\u00f3n en @culturayeducacionush.<\/p>\n","protected":false},"excerpt":{"rendered":"<p>La Secretar\u00eda de Cultura y Educaci\u00f3n de la Municipalidad de Ushuaia informa a vecinos y&#8230;<\/p>\n","protected":false},"author":1,"featured_media":52586,"comment_status":"closed","ping_status":"closed","sticky":false,"template":"","format":"standard","meta":{"footnotes":""},"categories":[3],"tags":[],"class_list":["post-52581","post","type-post","status-publish","format-standard","has-post-thumbnail","hentry","category-noticias"],"jetpack_featured_media_url":"https:\/\/hablemosclarotdf.com.ar\/wp-content\/uploads\/2025\/09\/photo_2025-09-30_12-13-43.jpg","_links":{"self":[{"href":"https:\/\/hablemosclarotdf.com.ar\/index.php?rest_route=\/wp\/v2\/posts\/52581","targetHints":{"allow":["GET"]}}],"collection":[{"href":"https:\/\/hablemosclarotdf.com.ar\/index.php?rest_route=\/wp\/v2\/posts"}],"about":[{"href":"https:\/\/hablemosclarotdf.com.ar\/index.php?rest_route=\/wp\/v2\/types\/post"}],"author":[{"embeddable":true,"href":"https:\/\/hablemosclarotdf.com.ar\/index.php?rest_route=\/wp\/v2\/users\/1"}],"replies":[{"embeddable":true,"href":"https:\/\/hablemosclarotdf.com.ar\/index.php?rest_route=%2Fwp%2Fv2%2Fcomments&post=52581"}],"version-history":[{"count":1,"href":"https:\/\/hablemosclarotdf.com.ar\/index.php?rest_route=\/wp\/v2\/posts\/52581\/revisions"}],"predecessor-version":[{"id":52587,"href":"https:\/\/hablemosclarotdf.com.ar\/index.php?rest_route=\/wp\/v2\/posts\/52581\/revisions\/52587"}],"wp:featuredmedia":[{"embeddable":true,"href":"https:\/\/hablemosclarotdf.com.ar\/index.php?rest_route=\/wp\/v2\/media\/52586"}],"wp:attachment":[{"href":"https:\/\/hablemosclarotdf.com.ar\/index.php?rest_route=%2Fwp%2Fv2%2Fmedia&parent=52581"}],"wp:term":[{"taxonomy":"category","embeddable":true,"href":"https:\/\/hablemosclarotdf.com.ar\/index.php?rest_route=%2Fwp%2Fv2%2Fcategories&post=52581"},{"taxonomy":"post_tag","embeddable":true,"href":"https:\/\/hablemosclarotdf.com.ar\/index.php?rest_route=%2Fwp%2Fv2%2Ftags&post=52581"}],"curies":[{"name":"wp","href":"https:\/\/api.w.org\/{rel}","templated":true}]}}