{"id":52559,"date":"2025-09-30T10:20:48","date_gmt":"2025-09-30T13:20:48","guid":{"rendered":"https:\/\/hablemosclarotdf.com.ar\/?p=52559"},"modified":"2025-09-30T10:20:48","modified_gmt":"2025-09-30T13:20:48","slug":"ushuaia-la-municipalidad-lanzo-la-votacion-para-embajador-y-embajadora-de-la-ciudad","status":"publish","type":"post","link":"https:\/\/hablemosclarotdf.com.ar\/?p=52559","title":{"rendered":"USHUAIA : LA MUNICIPALIDAD   LANZ\u00d3 LA VOTACI\u00d3N PARA EMBAJADOR Y EMBAJADORA DE LA CIUDAD"},"content":{"rendered":"<p>Las y los vecinos podr\u00e1n votar hasta el d\u00eda viernes 3 de octubre inclusive<\/p>\n<p>En el marco del 141\u00b0 Aniversario de Ushuaia, la Secretar\u00eda de Cultura y Educaci\u00f3n de la Municipaldiad de Ushuaia informa a vecinos y vecinas que se encuentra abierta la votaci\u00f3n al Embajador y Embajadora de la Ciudad. La misma estar\u00e1 disponible desde el d\u00eda martes 30 de septiembre hasta el viernes 3 de octubre inclusive. Qui\u00e9nes deseen votar, podr\u00e1n hacerlo a trav\u00e9s del siguiente link: https:\/\/forms.gle\/RwPoLpKxAprgBE9n7<br \/>\nDicha propuesta, que se encuentra en su novena edici\u00f3n bajo este nuevo formato, cuenta con 8 candidatos y candidatas propuestos por la comunidad que destacan por su rol comunitario y fueron seleccionados por un Comit\u00e9 de la Secretar\u00eda de Cultura y Educaci\u00f3n con representaci\u00f3n de Antiguos y Pioneros Pobladores, Pueblos Originarios, emabajadores salientes y diversas \u00e1reas del municipio. As\u00ed tambi\u00e9n, las y los que deseen participar de la votaci\u00f3n, podr\u00e1n encontrar el formulario en las redes sociales de la Municipalidad de Ushuaia y la Secretar\u00eda de Cultura y Educaci\u00f3n en @ushuaiamunicipalidad y @culturayeducacionush.<br \/>\nEntre las y los participantes figuran Y\u00e9sica Fourasti\u00e9, docente y presidente de la Cooperadora del Centro de Actividades Alternativas para personas con Discapacidad (CAAD). Junto a sus compa\u00f1eros y compa\u00f1eras, ha lidera diversas iniciativas solidarias fortaleciendo a la instituci\u00f3n a lo largo de m\u00e1s de 10 a\u00f1os, as\u00ed como eventos solidarios para reunir fondos y campa\u00f1as para concretar el sue\u00f1o del edificio propio. Otra candidata es la periodista y escritora Carla Fulgenzi, quien destaca por una trayectoria en el \u00e1mbito social y de derechos humanos. Es cofundadora de la Asamblea Permanente por los Derechos Humanos de Ushuaia y presidenta de la Uni\u00f3n de Mujeres de la Argentina en Tierra del Fuego. Carla se desempe\u00f1a como titular de la Regi\u00f3n Patag\u00f3nica de la Liga Internacional de Mujeres por la Paz y la Libertad, una ONG con estatus consultivo ante las Naciones Unidas. Por su parte, Mar\u00eda \u00c1ngelica Caimpo es t\u00e9cnica en Minoridad y Familia y estudios en Desarrollo de Comunidad. Con una trayectoria abocada al servicio y promoci\u00f3n social, se desempe\u00f1a en el Centro de Jubilados \u201cNuestro Hogar Austral\u201d, donde brinda contenci\u00f3n y acompa\u00f1amiento a adultos mayores, adem\u00e1s de organizar actividades recreativas. Tambi\u00e9n es ministro de la Eucarist\u00eda en Parroquia Mar\u00eda Auxiliadora y catequista, visitando y acompa\u00f1ando enfermos en el hospital o sus domicilios. Finalizando el listado de candidatas a embajadora se encuentra Luc\u00eda \u201cLucy\u201d Noem\u00ed Zapata, es la \u201cAbu Lucy\u201d de la Comparsa Anah\u00ed Piuk\u00e9n, fundadora de la misma hace ya quince a\u00f1os. Con una sonrisa y carisma \u00fanica, asiste, cuida y brinda un hogar a qui\u00e9n lo necesite.<br \/>\nEn lo que refiere a candidatos a embajador, figura el jefe de Operaciones de Defensa Civil Municipal, Jos\u00e9 Luis \u201cChino\u201d Vivar. El \u201cChino\u201d dedic\u00f3 su trayectoria a liderar rescate, simulacros y respuestas a emergencias en la ciudad y ruta, siendo un referente que form\u00f3 un equipo de alto desempe\u00f1o. Eduardo Pocai por su parte, es un fot\u00f3grafo y locutor radial en LRA 10 Radio Nacional Ushuaia e Islas Malvinas, que en su momento era el \u00fanico medio de comunicaci\u00f3n local. En 1980, fund\u00f3 Foto Eduardo&#8217;s, emprendimiento con 45 a\u00f1os de trayectoria que gener\u00f3 empleo para m\u00e1s de 400 personas, llegando a contar con cuatro locales en simult\u00e1neo y m\u00e1s de 37 trabajadores, consolid\u00e1ndose como un espacio de desarrollo laboral y humano. Otro de los candidatos es Jorge Salom\u00f3n, profesional con una s\u00f3lida y doble formaci\u00f3n como licenciador en Obstetricia en la Universidad de La Plata y en Enfermer\u00eda en el UMA, contando con una especializaci\u00f3n en el \u00e1mbito de la respuesta inmediata como Especialista en Enfermer\u00eda de Urgencias y Emergencias y una diplomatura en Enfermer\u00eda y Salud Escolar.<\/p>\n<p>Google Docs (https:\/\/forms.gle\/RwPoLpKxAprgBE9n7)<br \/>\nElecci\u00f3n del Embajador y la Embajadora de Ushuaia 2025<br \/>\n\u00a1CON TU VOTO POD\u00c9S ELEGIR A QUIENES NOS VAN A REPRESENTAR ESTE A\u00d1O COMO EMBAJADOR Y EMBAJADORA! Ten\u00e9s tiempo hasta el 3\/10 a las 23:59 hs.<\/p>\n<p>Nota: Se debe elegir un candidato a embajador y una candidata a embajadora.<\/p>\n<p>ESTOS SON LOS CANDIDATOS Y CANDIDATAS:<\/p>\n<p>Actualmente Jorge es un miembro clave del Servicio de Enfermer\u00eda Escolar de la Escuela Especial N\u00b0 1 \u201cKay\u00fa Chen\u00e9n\u201d, siendo el principal impulsor de la Ley de Enfermer\u00edas Escolares. En \u00faltimo lugar figura Miqueas Quidel, fundador y expresidente de la Uni\u00f3n de Estudiantes Secundarios y creador del programa Consejo de Oportunidad Nuevas para la Ciudadan\u00eda Estudiantil (CONCE) y particip\u00f3 del Fomento Local a la Acci\u00f3n de Movimiento Estudiantil Agrupado (FLAMEA).<br \/>\nBel\u00e9n Molina, secretaria de Cultura y Educaci\u00f3n, detall\u00f3 que \u201cdesde el inicio de la gesti\u00f3n del intendente Walter Vuoto, hemos tenido la decisi\u00f3n pol\u00edtica de impulsar una visi\u00f3n m\u00e1s comunitaria y de compromiso social del rol del embajador y embajadora, visibilizando el gran trabajo que vecinos y vecinas hacen por todos y todas. Como cada a\u00f1o, las y los ganadores ser\u00e1n parte del Desfile de Aniversario de la Ciudad, adem\u00e1s de representarnos durante todo el a\u00f1o\u201d.<br \/>\nPara conocer m\u00e1s sobre la elecci\u00f3n del embajador y embajadora de la ciudad, as\u00ed como todas las actividades en el marco del 140\u00b0 Aniversario de Ushuaia, las y los interesados podr\u00e1n acceder a las redes sociales de la Secretar\u00eda de la Municipalidad de Ushuaia en @ushuaiamunicipalidad como a las redes de la Secretar\u00eda de Cultura y Educaci\u00f3n @Culturayeducacionush.<\/p>\n<p><img loading=\"lazy\" decoding=\"async\" class=\"alignnone size-medium wp-image-52561\" src=\"https:\/\/hablemosclarotdf.com.ar\/wp-content\/uploads\/2025\/09\/photo_2025-09-30_10-19-04-1-240x300.jpg\" alt=\"\" width=\"240\" height=\"300\" srcset=\"https:\/\/hablemosclarotdf.com.ar\/wp-content\/uploads\/2025\/09\/photo_2025-09-30_10-19-04-1-240x300.jpg 240w, https:\/\/hablemosclarotdf.com.ar\/wp-content\/uploads\/2025\/09\/photo_2025-09-30_10-19-04-1-819x1024.jpg 819w, https:\/\/hablemosclarotdf.com.ar\/wp-content\/uploads\/2025\/09\/photo_2025-09-30_10-19-04-1-768x960.jpg 768w, https:\/\/hablemosclarotdf.com.ar\/wp-content\/uploads\/2025\/09\/photo_2025-09-30_10-19-04-1.jpg 1024w\" sizes=\"auto, (max-width: 240px) 100vw, 240px\" \/>.<\/p>\n","protected":false},"excerpt":{"rendered":"<p>Las y los vecinos podr\u00e1n votar hasta el d\u00eda viernes 3 de octubre inclusive En&#8230;<\/p>\n","protected":false},"author":1,"featured_media":52560,"comment_status":"closed","ping_status":"closed","sticky":false,"template":"","format":"standard","meta":{"footnotes":""},"categories":[3],"tags":[],"class_list":["post-52559","post","type-post","status-publish","format-standard","has-post-thumbnail","hentry","category-noticias"],"jetpack_featured_media_url":"https:\/\/hablemosclarotdf.com.ar\/wp-content\/uploads\/2025\/09\/photo_2025-09-30_10-19-04.jpg","_links":{"self":[{"href":"https:\/\/hablemosclarotdf.com.ar\/index.php?rest_route=\/wp\/v2\/posts\/52559","targetHints":{"allow":["GET"]}}],"collection":[{"href":"https:\/\/hablemosclarotdf.com.ar\/index.php?rest_route=\/wp\/v2\/posts"}],"about":[{"href":"https:\/\/hablemosclarotdf.com.ar\/index.php?rest_route=\/wp\/v2\/types\/post"}],"author":[{"embeddable":true,"href":"https:\/\/hablemosclarotdf.com.ar\/index.php?rest_route=\/wp\/v2\/users\/1"}],"replies":[{"embeddable":true,"href":"https:\/\/hablemosclarotdf.com.ar\/index.php?rest_route=%2Fwp%2Fv2%2Fcomments&post=52559"}],"version-history":[{"count":1,"href":"https:\/\/hablemosclarotdf.com.ar\/index.php?rest_route=\/wp\/v2\/posts\/52559\/revisions"}],"predecessor-version":[{"id":52562,"href":"https:\/\/hablemosclarotdf.com.ar\/index.php?rest_route=\/wp\/v2\/posts\/52559\/revisions\/52562"}],"wp:featuredmedia":[{"embeddable":true,"href":"https:\/\/hablemosclarotdf.com.ar\/index.php?rest_route=\/wp\/v2\/media\/52560"}],"wp:attachment":[{"href":"https:\/\/hablemosclarotdf.com.ar\/index.php?rest_route=%2Fwp%2Fv2%2Fmedia&parent=52559"}],"wp:term":[{"taxonomy":"category","embeddable":true,"href":"https:\/\/hablemosclarotdf.com.ar\/index.php?rest_route=%2Fwp%2Fv2%2Fcategories&post=52559"},{"taxonomy":"post_tag","embeddable":true,"href":"https:\/\/hablemosclarotdf.com.ar\/index.php?rest_route=%2Fwp%2Fv2%2Ftags&post=52559"}],"curies":[{"name":"wp","href":"https:\/\/api.w.org\/{rel}","templated":true}]}}