{"id":52343,"date":"2025-09-28T12:53:24","date_gmt":"2025-09-28T15:53:24","guid":{"rendered":"https:\/\/hablemosclarotdf.com.ar\/?p=52343"},"modified":"2025-09-28T12:53:24","modified_gmt":"2025-09-28T15:53:24","slug":"rio-grande-veni-a-disfrutar-del-paseo-canto-del-viento-de-miercoles-a-domingo-2","status":"publish","type":"post","link":"https:\/\/hablemosclarotdf.com.ar\/?p=52343","title":{"rendered":"RIO GRANDE :  VEN\u00cd A DISFRUTAR DEL PASEO CANTO DEL VIENTO DE MI\u00c9RCOLES A DOMINGO"},"content":{"rendered":"<p>El Municipio de R\u00edo Grande invita a las vecinas y vecinos a recorrer el Paseo Canto del Viento, espacio que ahora abrir\u00e1 sus puertas de mi\u00e9rcoles a domingo de 16 a 20 horas, para recibir a la comunidad riograndense con un entretenido recorrido con emprendedores locales.<\/p>\n<p>Con esta nueva modalidad, el tradicional paseo, brindar\u00e1 m\u00e1s oportunidades para que la comunidad riograndense pueda acceder a productos elaborados por artesanos, manualistas y emprendedores locales.<\/p>\n<p>Adem\u00e1s, las y los vecinos podr\u00e1n disfrutar de un espacio pensado para toda la familia con propuestas musicales en vivo y una variada oferta gastron\u00f3mica a precios accesibles.<\/p>\n<p>Es de mencionar que, cada semana, se renovar\u00e1n los emprendimientos generando nuevas ocasiones para quienes deciden emprender en nuestra ciudad y brindar experiencias \u00fanicas a las y los riograndenses.<\/p>\n<p>De esta manera, el Paseo Canto del Viento se afianza como un punto clave para el encuentro en R\u00edo Grande, que fortalece el desarrollo local y acompa\u00f1ar a las y los emprendedores, quienes son el motor de nuestra comunidad.<\/p>\n<p><img loading=\"lazy\" decoding=\"async\" class=\"alignnone size-medium wp-image-52346\" src=\"https:\/\/hablemosclarotdf.com.ar\/wp-content\/uploads\/2025\/09\/photo_2025-09-28_12-52-36-300x200.jpg\" alt=\"\" width=\"300\" height=\"200\" srcset=\"https:\/\/hablemosclarotdf.com.ar\/wp-content\/uploads\/2025\/09\/photo_2025-09-28_12-52-36-300x200.jpg 300w, https:\/\/hablemosclarotdf.com.ar\/wp-content\/uploads\/2025\/09\/photo_2025-09-28_12-52-36-1024x682.jpg 1024w, https:\/\/hablemosclarotdf.com.ar\/wp-content\/uploads\/2025\/09\/photo_2025-09-28_12-52-36-768x512.jpg 768w, https:\/\/hablemosclarotdf.com.ar\/wp-content\/uploads\/2025\/09\/photo_2025-09-28_12-52-36.jpg 1280w\" sizes=\"auto, (max-width: 300px) 100vw, 300px\" \/><\/p>\n","protected":false},"excerpt":{"rendered":"<p>El Municipio de R\u00edo Grande invita a las vecinas y vecinos a recorrer el Paseo&#8230;<\/p>\n","protected":false},"author":1,"featured_media":52345,"comment_status":"closed","ping_status":"closed","sticky":false,"template":"","format":"standard","meta":{"footnotes":""},"categories":[3],"tags":[],"class_list":["post-52343","post","type-post","status-publish","format-standard","has-post-thumbnail","hentry","category-noticias"],"jetpack_featured_media_url":"https:\/\/hablemosclarotdf.com.ar\/wp-content\/uploads\/2025\/09\/photo_2025-09-28_12-52-23-1.jpg","_links":{"self":[{"href":"https:\/\/hablemosclarotdf.com.ar\/index.php?rest_route=\/wp\/v2\/posts\/52343","targetHints":{"allow":["GET"]}}],"collection":[{"href":"https:\/\/hablemosclarotdf.com.ar\/index.php?rest_route=\/wp\/v2\/posts"}],"about":[{"href":"https:\/\/hablemosclarotdf.com.ar\/index.php?rest_route=\/wp\/v2\/types\/post"}],"author":[{"embeddable":true,"href":"https:\/\/hablemosclarotdf.com.ar\/index.php?rest_route=\/wp\/v2\/users\/1"}],"replies":[{"embeddable":true,"href":"https:\/\/hablemosclarotdf.com.ar\/index.php?rest_route=%2Fwp%2Fv2%2Fcomments&post=52343"}],"version-history":[{"count":1,"href":"https:\/\/hablemosclarotdf.com.ar\/index.php?rest_route=\/wp\/v2\/posts\/52343\/revisions"}],"predecessor-version":[{"id":52347,"href":"https:\/\/hablemosclarotdf.com.ar\/index.php?rest_route=\/wp\/v2\/posts\/52343\/revisions\/52347"}],"wp:featuredmedia":[{"embeddable":true,"href":"https:\/\/hablemosclarotdf.com.ar\/index.php?rest_route=\/wp\/v2\/media\/52345"}],"wp:attachment":[{"href":"https:\/\/hablemosclarotdf.com.ar\/index.php?rest_route=%2Fwp%2Fv2%2Fmedia&parent=52343"}],"wp:term":[{"taxonomy":"category","embeddable":true,"href":"https:\/\/hablemosclarotdf.com.ar\/index.php?rest_route=%2Fwp%2Fv2%2Fcategories&post=52343"},{"taxonomy":"post_tag","embeddable":true,"href":"https:\/\/hablemosclarotdf.com.ar\/index.php?rest_route=%2Fwp%2Fv2%2Ftags&post=52343"}],"curies":[{"name":"wp","href":"https:\/\/api.w.org\/{rel}","templated":true}]}}