{"id":52321,"date":"2025-09-28T12:35:26","date_gmt":"2025-09-28T15:35:26","guid":{"rendered":"https:\/\/hablemosclarotdf.com.ar\/?p=52321"},"modified":"2025-09-28T12:35:26","modified_gmt":"2025-09-28T15:35:26","slug":"ushuaia-la-secretaria-de-turismo-participo-de-la-29-feria-internacional-de-turismo","status":"publish","type":"post","link":"https:\/\/hablemosclarotdf.com.ar\/?p=52321","title":{"rendered":"USHUAIA : LA SECRETAR\u00cdA DE TURISMO  PARTICIP\u00d3 DE LA 29\u00b0 FERIA INTERNACIONAL DE TURISMO"},"content":{"rendered":"<p>La Secretar\u00eda de Turismo de la Municipalidad de Ushuaia, particip\u00f3 de la 29\u00b0 edici\u00f3n de la Feria Internacional de Turismo (FIT), uno de los eventos m\u00e1s importantes del calendario anual para la promoci\u00f3n del sector, llevado adelante en el predio La Rural en CABA.<\/p>\n<p>La secretaria de Turismo, Viviana Manfredotti destac\u00f3 que \u201ceste evento es clave en t\u00e9rminos de visibilidad tur\u00edstica, y estar aqu\u00ed en representaci\u00f3n de uno de los destinos m\u00e1s elegidos de nuestro pa\u00eds, como lo es Ushuaia, Fin del Mundo, es un honor y una gran responsabilidad, sobre todo en un contexto donde resulta imprescindible trabajar juntos para la recuperaci\u00f3n econ\u00f3mica de la actividad&#8221;.<\/p>\n<p>La funcionaria subray\u00f3 &#8220;la trascendencia de encuentros de esta magnitud, que re\u00fanen a profesionales, prestadores, empresarios y representantes del sector p\u00fablico&#8221;.<\/p>\n<p>\u201cSon plataformas \u00fanicas de promoci\u00f3n y cooperaci\u00f3n, que nos permiten proyectar estrategias de crecimiento conjunto en beneficio de cada uno de los destinos. Formar parte de ellos es una oportunidad que tanto la Municipalidad como los privados de nuestra ciudad buscamos aprovechar\u201d a\u00f1adi\u00f3.<\/p>\n<p>En cuanto a la presencia de prestadores locales, la Secretaria valor\u00f3 \u201cel enorme esfuerzo realizado para estar presentes y mostrar sus productos, posicionando a Ushuaia como un destino ineludible para quienes quieren conocer lo mejor de la Argentina. Desde la gesti\u00f3n seguiremos agradeciendo ese compromiso, trabajando para facilitar la tarea de nuestros empresarios, que construyen d\u00eda a d\u00eda la actividad tur\u00edstica en beneficio de todos los ushuaienses\u201d.<\/p>\n<p>&nbsp;<\/p>\n<p><img loading=\"lazy\" decoding=\"async\" class=\"alignnone size-medium wp-image-52323\" src=\"https:\/\/hablemosclarotdf.com.ar\/wp-content\/uploads\/2025\/09\/photo_2025-09-28_12-34-22-300x200.jpg\" alt=\"\" width=\"300\" height=\"200\" srcset=\"https:\/\/hablemosclarotdf.com.ar\/wp-content\/uploads\/2025\/09\/photo_2025-09-28_12-34-22-300x200.jpg 300w, https:\/\/hablemosclarotdf.com.ar\/wp-content\/uploads\/2025\/09\/photo_2025-09-28_12-34-22-1024x684.jpg 1024w, https:\/\/hablemosclarotdf.com.ar\/wp-content\/uploads\/2025\/09\/photo_2025-09-28_12-34-22-768x513.jpg 768w, https:\/\/hablemosclarotdf.com.ar\/wp-content\/uploads\/2025\/09\/photo_2025-09-28_12-34-22.jpg 1280w\" sizes=\"auto, (max-width: 300px) 100vw, 300px\" \/> <img loading=\"lazy\" decoding=\"async\" class=\"alignnone size-medium wp-image-52324\" src=\"https:\/\/hablemosclarotdf.com.ar\/wp-content\/uploads\/2025\/09\/photo_2025-09-28_12-34-25-300x200.jpg\" alt=\"\" width=\"300\" height=\"200\" srcset=\"https:\/\/hablemosclarotdf.com.ar\/wp-content\/uploads\/2025\/09\/photo_2025-09-28_12-34-25-300x200.jpg 300w, https:\/\/hablemosclarotdf.com.ar\/wp-content\/uploads\/2025\/09\/photo_2025-09-28_12-34-25-1024x683.jpg 1024w, https:\/\/hablemosclarotdf.com.ar\/wp-content\/uploads\/2025\/09\/photo_2025-09-28_12-34-25-768x512.jpg 768w, https:\/\/hablemosclarotdf.com.ar\/wp-content\/uploads\/2025\/09\/photo_2025-09-28_12-34-25.jpg 1280w\" sizes=\"auto, (max-width: 300px) 100vw, 300px\" \/> <img loading=\"lazy\" decoding=\"async\" class=\"alignnone size-medium wp-image-52325\" src=\"https:\/\/hablemosclarotdf.com.ar\/wp-content\/uploads\/2025\/09\/photo_2025-09-28_12-34-29-300x200.jpg\" alt=\"\" width=\"300\" height=\"200\" srcset=\"https:\/\/hablemosclarotdf.com.ar\/wp-content\/uploads\/2025\/09\/photo_2025-09-28_12-34-29-300x200.jpg 300w, https:\/\/hablemosclarotdf.com.ar\/wp-content\/uploads\/2025\/09\/photo_2025-09-28_12-34-29-1024x683.jpg 1024w, https:\/\/hablemosclarotdf.com.ar\/wp-content\/uploads\/2025\/09\/photo_2025-09-28_12-34-29-768x512.jpg 768w, https:\/\/hablemosclarotdf.com.ar\/wp-content\/uploads\/2025\/09\/photo_2025-09-28_12-34-29.jpg 1280w\" sizes=\"auto, (max-width: 300px) 100vw, 300px\" \/><\/p>\n","protected":false},"excerpt":{"rendered":"<p>La Secretar\u00eda de Turismo de la Municipalidad de Ushuaia, particip\u00f3 de la 29\u00b0 edici\u00f3n de&#8230;<\/p>\n","protected":false},"author":1,"featured_media":52322,"comment_status":"closed","ping_status":"closed","sticky":false,"template":"","format":"standard","meta":{"footnotes":""},"categories":[3],"tags":[],"class_list":["post-52321","post","type-post","status-publish","format-standard","has-post-thumbnail","hentry","category-noticias"],"jetpack_featured_media_url":"https:\/\/hablemosclarotdf.com.ar\/wp-content\/uploads\/2025\/09\/photo_2025-09-28_12-34-15.jpg","_links":{"self":[{"href":"https:\/\/hablemosclarotdf.com.ar\/index.php?rest_route=\/wp\/v2\/posts\/52321","targetHints":{"allow":["GET"]}}],"collection":[{"href":"https:\/\/hablemosclarotdf.com.ar\/index.php?rest_route=\/wp\/v2\/posts"}],"about":[{"href":"https:\/\/hablemosclarotdf.com.ar\/index.php?rest_route=\/wp\/v2\/types\/post"}],"author":[{"embeddable":true,"href":"https:\/\/hablemosclarotdf.com.ar\/index.php?rest_route=\/wp\/v2\/users\/1"}],"replies":[{"embeddable":true,"href":"https:\/\/hablemosclarotdf.com.ar\/index.php?rest_route=%2Fwp%2Fv2%2Fcomments&post=52321"}],"version-history":[{"count":1,"href":"https:\/\/hablemosclarotdf.com.ar\/index.php?rest_route=\/wp\/v2\/posts\/52321\/revisions"}],"predecessor-version":[{"id":52326,"href":"https:\/\/hablemosclarotdf.com.ar\/index.php?rest_route=\/wp\/v2\/posts\/52321\/revisions\/52326"}],"wp:featuredmedia":[{"embeddable":true,"href":"https:\/\/hablemosclarotdf.com.ar\/index.php?rest_route=\/wp\/v2\/media\/52322"}],"wp:attachment":[{"href":"https:\/\/hablemosclarotdf.com.ar\/index.php?rest_route=%2Fwp%2Fv2%2Fmedia&parent=52321"}],"wp:term":[{"taxonomy":"category","embeddable":true,"href":"https:\/\/hablemosclarotdf.com.ar\/index.php?rest_route=%2Fwp%2Fv2%2Fcategories&post=52321"},{"taxonomy":"post_tag","embeddable":true,"href":"https:\/\/hablemosclarotdf.com.ar\/index.php?rest_route=%2Fwp%2Fv2%2Ftags&post=52321"}],"curies":[{"name":"wp","href":"https:\/\/api.w.org\/{rel}","templated":true}]}}