{"id":52292,"date":"2025-09-27T21:50:59","date_gmt":"2025-09-28T00:50:59","guid":{"rendered":"https:\/\/hablemosclarotdf.com.ar\/?p=52292"},"modified":"2025-09-27T21:50:59","modified_gmt":"2025-09-28T00:50:59","slug":"alerta-meteorologica-por-lluvias-intensas-en-la-zona-sur-y-viento-en-toda-la-provincia","status":"publish","type":"post","link":"https:\/\/hablemosclarotdf.com.ar\/?p=52292","title":{"rendered":"ALERTA METEOROL\u00d3GICA POR LLUVIAS INTENSAS EN LA ZONA SUR Y VIENTO EN TODA LA PROVINCIA"},"content":{"rendered":"<p>La Secretar\u00eda de Protecci\u00f3n Civil informa que el Servicio Meteorol\u00f3gico Nacional (SMN) emiti\u00f3 una advertencia amarilla por lluvias en la zona sur y viento en toda la provincia. La alerta rige este domingo 28 de septiembre a partir de la ma\u00f1ana por lluvia y a partir del mediod\u00eda por viento.<\/p>\n<p>Ante este tipo de condiciones clim\u00e1ticas se recomienda no sacar la basura y retirar aquellos objetos que impidan que el agua escurra, transitar por la ruta con m\u00e1xima precauci\u00f3n y respetar las se\u00f1ales e indicaciones de las autoridades.<\/p>\n<p>Ante cualquier situaci\u00f3n de emergencia llamar al 911 o al 103.<\/p>\n","protected":false},"excerpt":{"rendered":"<p>La Secretar\u00eda de Protecci\u00f3n Civil informa que el Servicio Meteorol\u00f3gico Nacional (SMN) emiti\u00f3 una advertencia&#8230;<\/p>\n","protected":false},"author":1,"featured_media":52293,"comment_status":"closed","ping_status":"closed","sticky":false,"template":"","format":"standard","meta":{"footnotes":""},"categories":[3],"tags":[],"class_list":["post-52292","post","type-post","status-publish","format-standard","has-post-thumbnail","hentry","category-noticias"],"jetpack_featured_media_url":"https:\/\/hablemosclarotdf.com.ar\/wp-content\/uploads\/2025\/09\/photo_2025-09-27_21-49-28.jpg","_links":{"self":[{"href":"https:\/\/hablemosclarotdf.com.ar\/index.php?rest_route=\/wp\/v2\/posts\/52292","targetHints":{"allow":["GET"]}}],"collection":[{"href":"https:\/\/hablemosclarotdf.com.ar\/index.php?rest_route=\/wp\/v2\/posts"}],"about":[{"href":"https:\/\/hablemosclarotdf.com.ar\/index.php?rest_route=\/wp\/v2\/types\/post"}],"author":[{"embeddable":true,"href":"https:\/\/hablemosclarotdf.com.ar\/index.php?rest_route=\/wp\/v2\/users\/1"}],"replies":[{"embeddable":true,"href":"https:\/\/hablemosclarotdf.com.ar\/index.php?rest_route=%2Fwp%2Fv2%2Fcomments&post=52292"}],"version-history":[{"count":1,"href":"https:\/\/hablemosclarotdf.com.ar\/index.php?rest_route=\/wp\/v2\/posts\/52292\/revisions"}],"predecessor-version":[{"id":52294,"href":"https:\/\/hablemosclarotdf.com.ar\/index.php?rest_route=\/wp\/v2\/posts\/52292\/revisions\/52294"}],"wp:featuredmedia":[{"embeddable":true,"href":"https:\/\/hablemosclarotdf.com.ar\/index.php?rest_route=\/wp\/v2\/media\/52293"}],"wp:attachment":[{"href":"https:\/\/hablemosclarotdf.com.ar\/index.php?rest_route=%2Fwp%2Fv2%2Fmedia&parent=52292"}],"wp:term":[{"taxonomy":"category","embeddable":true,"href":"https:\/\/hablemosclarotdf.com.ar\/index.php?rest_route=%2Fwp%2Fv2%2Fcategories&post=52292"},{"taxonomy":"post_tag","embeddable":true,"href":"https:\/\/hablemosclarotdf.com.ar\/index.php?rest_route=%2Fwp%2Fv2%2Ftags&post=52292"}],"curies":[{"name":"wp","href":"https:\/\/api.w.org\/{rel}","templated":true}]}}