{"id":52266,"date":"2025-09-27T14:45:37","date_gmt":"2025-09-27T17:45:37","guid":{"rendered":"https:\/\/hablemosclarotdf.com.ar\/?p=52266"},"modified":"2025-09-27T14:45:37","modified_gmt":"2025-09-27T17:45:37","slug":"rio-grande-recreo-en-la-calesita-de-zona-sur-2","status":"publish","type":"post","link":"https:\/\/hablemosclarotdf.com.ar\/?p=52266","title":{"rendered":"RIO GRANDE : RECREO EN LA CALESITA DE ZONA SUR"},"content":{"rendered":"<p>RECREO EN LA CALESITA DE ZONA SUR<\/p>\n<p>Se trata de una iniciativa pensada para que los y las estudiantes de las escuelas de nivel primario e inicial de nuestra ciudad disfruten este espacio recreativo, los lunes, martes y mi\u00e9rcoles con sus compa\u00f1eros de grado y la maestra. Las inscripciones ya est\u00e1n abiertas y son a trav\u00e9s del siguiente link: https:\/\/bit.ly\/4iIgvMV.<\/p>\n<p>La Calesita de zona Sur est\u00e1 ubicada en Rafaela Ishton y Tolhuin, la cual estar\u00e1 disponible los lunes, martes y mi\u00e9rcoles en los siguientes horarios: 10.30; 11; 14.30; 15 y 15.30 horas para que las ni\u00f1as y ni\u00f1os de nivel primario e inicial se diviertan y disfruten de este espacio de encuentro y juegos.<\/p>\n<p>Las instituciones educativas interesadas en participar de la actividad pueden inscribirse a partir del siguiente link https:\/\/bit.ly\/4iIgvMV. El acceso es libre y gratuito. Cabe aclarar que su funcionamiento est\u00e1 sujeto a condiciones clim\u00e1ticas.<\/p>\n<p>El Municipio pone a disposici\u00f3n esta propuesta recreativa para que las infancias riograndenses disfruten al aire libre y compartan momentos de calidad con sus pares y sus maestras.<\/p>\n<p><img loading=\"lazy\" decoding=\"async\" class=\"alignnone size-medium wp-image-52268\" src=\"https:\/\/hablemosclarotdf.com.ar\/wp-content\/uploads\/2025\/09\/photo_2025-09-27_14-44-21-240x300.jpg\" alt=\"\" width=\"240\" height=\"300\" srcset=\"https:\/\/hablemosclarotdf.com.ar\/wp-content\/uploads\/2025\/09\/photo_2025-09-27_14-44-21-240x300.jpg 240w, https:\/\/hablemosclarotdf.com.ar\/wp-content\/uploads\/2025\/09\/photo_2025-09-27_14-44-21-819x1024.jpg 819w, https:\/\/hablemosclarotdf.com.ar\/wp-content\/uploads\/2025\/09\/photo_2025-09-27_14-44-21-768x960.jpg 768w, https:\/\/hablemosclarotdf.com.ar\/wp-content\/uploads\/2025\/09\/photo_2025-09-27_14-44-21.jpg 1024w\" sizes=\"auto, (max-width: 240px) 100vw, 240px\" \/><\/p>\n","protected":false},"excerpt":{"rendered":"<p>RECREO EN LA CALESITA DE ZONA SUR Se trata de una iniciativa pensada para que&#8230;<\/p>\n","protected":false},"author":1,"featured_media":52267,"comment_status":"closed","ping_status":"closed","sticky":false,"template":"","format":"standard","meta":{"footnotes":""},"categories":[3],"tags":[],"class_list":["post-52266","post","type-post","status-publish","format-standard","has-post-thumbnail","hentry","category-noticias"],"jetpack_featured_media_url":"https:\/\/hablemosclarotdf.com.ar\/wp-content\/uploads\/2025\/09\/photo_2025-09-27_14-44-30.jpg","_links":{"self":[{"href":"https:\/\/hablemosclarotdf.com.ar\/index.php?rest_route=\/wp\/v2\/posts\/52266","targetHints":{"allow":["GET"]}}],"collection":[{"href":"https:\/\/hablemosclarotdf.com.ar\/index.php?rest_route=\/wp\/v2\/posts"}],"about":[{"href":"https:\/\/hablemosclarotdf.com.ar\/index.php?rest_route=\/wp\/v2\/types\/post"}],"author":[{"embeddable":true,"href":"https:\/\/hablemosclarotdf.com.ar\/index.php?rest_route=\/wp\/v2\/users\/1"}],"replies":[{"embeddable":true,"href":"https:\/\/hablemosclarotdf.com.ar\/index.php?rest_route=%2Fwp%2Fv2%2Fcomments&post=52266"}],"version-history":[{"count":1,"href":"https:\/\/hablemosclarotdf.com.ar\/index.php?rest_route=\/wp\/v2\/posts\/52266\/revisions"}],"predecessor-version":[{"id":52269,"href":"https:\/\/hablemosclarotdf.com.ar\/index.php?rest_route=\/wp\/v2\/posts\/52266\/revisions\/52269"}],"wp:featuredmedia":[{"embeddable":true,"href":"https:\/\/hablemosclarotdf.com.ar\/index.php?rest_route=\/wp\/v2\/media\/52267"}],"wp:attachment":[{"href":"https:\/\/hablemosclarotdf.com.ar\/index.php?rest_route=%2Fwp%2Fv2%2Fmedia&parent=52266"}],"wp:term":[{"taxonomy":"category","embeddable":true,"href":"https:\/\/hablemosclarotdf.com.ar\/index.php?rest_route=%2Fwp%2Fv2%2Fcategories&post=52266"},{"taxonomy":"post_tag","embeddable":true,"href":"https:\/\/hablemosclarotdf.com.ar\/index.php?rest_route=%2Fwp%2Fv2%2Ftags&post=52266"}],"curies":[{"name":"wp","href":"https:\/\/api.w.org\/{rel}","templated":true}]}}