{"id":52208,"date":"2025-09-26T15:29:52","date_gmt":"2025-09-26T18:29:52","guid":{"rendered":"https:\/\/hablemosclarotdf.com.ar\/?p=52208"},"modified":"2025-09-26T15:29:52","modified_gmt":"2025-09-26T18:29:52","slug":"rio-grande-el-municipio-declaro-de-interes-municipal-un-proyecto-de-la-escuela-n23-sobre-contaminacion-por-microplasticos","status":"publish","type":"post","link":"https:\/\/hablemosclarotdf.com.ar\/?p=52208","title":{"rendered":"RIO GRANDE : EL MUNICIPIO DECLAR\u00d3 DE INTER\u00c9S MUNICIPAL UN PROYECTO DE LA ESCUELA N\u00b023 SOBRE CONTAMINACI\u00d3N POR MICROPL\u00c1STICOS"},"content":{"rendered":"<p>El Municipio de R\u00edo Grande declar\u00f3 de Inter\u00e9s Municipal, Social, Educativo y Cultural el \u201cMicroproyecto 623: Una exploraci\u00f3n Matem\u00e1tica de la contaminaci\u00f3n por pl\u00e1sticos y micropl\u00e1sticos en los oc\u00e9anos\u201d, desarrollado por los 26 estudiantes de 6\u00b0 grado \u201cA\u201d de la Escuela Provincial N\u00b023 \u201cOrganizaci\u00f3n de los Estados Americanos\u201d junto a sus seis docentes.<\/p>\n<p>La propuesta naci\u00f3 en las pr\u00e1cticas de laboratorio de la instituci\u00f3n, donde las y los estudiantes lograron detectar la presencia de micropl\u00e1sticos en muestras de agua. Desde un enfoque STEAM, integraron Matem\u00e1tica, Ciencias Naturales y Pr\u00e1cticas del Lenguaje para investigar, reflexionar y comunicar sobre una problem\u00e1tica ambiental y social de gran actualidad.<\/p>\n<p>El secretario de Gesti\u00f3n Ciudadana, Gonzalo Ferro, recibi\u00f3 en el Municipio a los estudiantes y docentes, quienes fueron agasajados con un desayuno, y entreg\u00f3 la Declaraci\u00f3n de Inter\u00e9s en reconocimiento a su innovaci\u00f3n educativa y compromiso socioambiental. En esta oportunidad estuvieron presentes los estudiantes junto a la directora Celia Vel\u00e1zquez, los docentes asesores Laura Roda y David Ram\u00edrez, y los docentes de grado Mario Moyano y Nicol\u00e1s Aranda.<\/p>\n<p>El proyecto, enmarcado en los principios de la Ley N\u00b0 27.621 de Educaci\u00f3n Ambiental Integral, posiciona a la Escuela N\u00b023 como un ejemplo de trabajo interdisciplinario y ciudadan\u00eda activa.<\/p>\n<p>Tras este reconocimiento, el pr\u00f3ximo lunes las y los estudiantes viajar\u00e1n a Misiones para representar a R\u00edo Grande en la Feria Nacional de Ciencias, donde compartir\u00e1n su experiencia junto a escuelas de todo el pa\u00eds.<\/p>\n<p><img loading=\"lazy\" decoding=\"async\" class=\"alignnone size-medium wp-image-52210\" src=\"https:\/\/hablemosclarotdf.com.ar\/wp-content\/uploads\/2025\/09\/photo_2025-09-26_15-28-33-300x188.jpg\" alt=\"\" width=\"300\" height=\"188\" srcset=\"https:\/\/hablemosclarotdf.com.ar\/wp-content\/uploads\/2025\/09\/photo_2025-09-26_15-28-33-300x188.jpg 300w, https:\/\/hablemosclarotdf.com.ar\/wp-content\/uploads\/2025\/09\/photo_2025-09-26_15-28-33-1024x640.jpg 1024w, https:\/\/hablemosclarotdf.com.ar\/wp-content\/uploads\/2025\/09\/photo_2025-09-26_15-28-33-768x480.jpg 768w, https:\/\/hablemosclarotdf.com.ar\/wp-content\/uploads\/2025\/09\/photo_2025-09-26_15-28-33-800x500.jpg 800w, https:\/\/hablemosclarotdf.com.ar\/wp-content\/uploads\/2025\/09\/photo_2025-09-26_15-28-33-540x340.jpg 540w, https:\/\/hablemosclarotdf.com.ar\/wp-content\/uploads\/2025\/09\/photo_2025-09-26_15-28-33-400x250.jpg 400w, https:\/\/hablemosclarotdf.com.ar\/wp-content\/uploads\/2025\/09\/photo_2025-09-26_15-28-33.jpg 1280w\" sizes=\"auto, (max-width: 300px) 100vw, 300px\" \/> <img loading=\"lazy\" decoding=\"async\" class=\"alignnone size-medium wp-image-52211\" src=\"https:\/\/hablemosclarotdf.com.ar\/wp-content\/uploads\/2025\/09\/photo_2025-09-26_15-28-36-300x188.jpg\" alt=\"\" width=\"300\" height=\"188\" srcset=\"https:\/\/hablemosclarotdf.com.ar\/wp-content\/uploads\/2025\/09\/photo_2025-09-26_15-28-36-300x188.jpg 300w, https:\/\/hablemosclarotdf.com.ar\/wp-content\/uploads\/2025\/09\/photo_2025-09-26_15-28-36-1024x640.jpg 1024w, https:\/\/hablemosclarotdf.com.ar\/wp-content\/uploads\/2025\/09\/photo_2025-09-26_15-28-36-768x480.jpg 768w, https:\/\/hablemosclarotdf.com.ar\/wp-content\/uploads\/2025\/09\/photo_2025-09-26_15-28-36-800x500.jpg 800w, https:\/\/hablemosclarotdf.com.ar\/wp-content\/uploads\/2025\/09\/photo_2025-09-26_15-28-36-540x340.jpg 540w, https:\/\/hablemosclarotdf.com.ar\/wp-content\/uploads\/2025\/09\/photo_2025-09-26_15-28-36-400x250.jpg 400w, https:\/\/hablemosclarotdf.com.ar\/wp-content\/uploads\/2025\/09\/photo_2025-09-26_15-28-36.jpg 1280w\" sizes=\"auto, (max-width: 300px) 100vw, 300px\" \/> <img loading=\"lazy\" decoding=\"async\" class=\"alignnone size-medium wp-image-52212\" src=\"https:\/\/hablemosclarotdf.com.ar\/wp-content\/uploads\/2025\/09\/photo_2025-09-26_15-28-39-300x188.jpg\" alt=\"\" width=\"300\" height=\"188\" srcset=\"https:\/\/hablemosclarotdf.com.ar\/wp-content\/uploads\/2025\/09\/photo_2025-09-26_15-28-39-300x188.jpg 300w, https:\/\/hablemosclarotdf.com.ar\/wp-content\/uploads\/2025\/09\/photo_2025-09-26_15-28-39-1024x640.jpg 1024w, https:\/\/hablemosclarotdf.com.ar\/wp-content\/uploads\/2025\/09\/photo_2025-09-26_15-28-39-768x480.jpg 768w, https:\/\/hablemosclarotdf.com.ar\/wp-content\/uploads\/2025\/09\/photo_2025-09-26_15-28-39-800x500.jpg 800w, https:\/\/hablemosclarotdf.com.ar\/wp-content\/uploads\/2025\/09\/photo_2025-09-26_15-28-39-540x340.jpg 540w, https:\/\/hablemosclarotdf.com.ar\/wp-content\/uploads\/2025\/09\/photo_2025-09-26_15-28-39-400x250.jpg 400w, https:\/\/hablemosclarotdf.com.ar\/wp-content\/uploads\/2025\/09\/photo_2025-09-26_15-28-39.jpg 1280w\" sizes=\"auto, (max-width: 300px) 100vw, 300px\" \/> <img loading=\"lazy\" decoding=\"async\" class=\"alignnone size-medium wp-image-52213\" src=\"https:\/\/hablemosclarotdf.com.ar\/wp-content\/uploads\/2025\/09\/photo_2025-09-26_15-28-43-300x188.jpg\" alt=\"\" width=\"300\" height=\"188\" srcset=\"https:\/\/hablemosclarotdf.com.ar\/wp-content\/uploads\/2025\/09\/photo_2025-09-26_15-28-43-300x188.jpg 300w, https:\/\/hablemosclarotdf.com.ar\/wp-content\/uploads\/2025\/09\/photo_2025-09-26_15-28-43-1024x640.jpg 1024w, https:\/\/hablemosclarotdf.com.ar\/wp-content\/uploads\/2025\/09\/photo_2025-09-26_15-28-43-768x480.jpg 768w, https:\/\/hablemosclarotdf.com.ar\/wp-content\/uploads\/2025\/09\/photo_2025-09-26_15-28-43-800x500.jpg 800w, https:\/\/hablemosclarotdf.com.ar\/wp-content\/uploads\/2025\/09\/photo_2025-09-26_15-28-43-540x340.jpg 540w, https:\/\/hablemosclarotdf.com.ar\/wp-content\/uploads\/2025\/09\/photo_2025-09-26_15-28-43-400x250.jpg 400w, https:\/\/hablemosclarotdf.com.ar\/wp-content\/uploads\/2025\/09\/photo_2025-09-26_15-28-43.jpg 1280w\" sizes=\"auto, (max-width: 300px) 100vw, 300px\" \/><\/p>\n","protected":false},"excerpt":{"rendered":"<p>El Municipio de R\u00edo Grande declar\u00f3 de Inter\u00e9s Municipal, Social, Educativo y Cultural el \u201cMicroproyecto&#8230;<\/p>\n","protected":false},"author":1,"featured_media":52209,"comment_status":"closed","ping_status":"closed","sticky":false,"template":"","format":"standard","meta":{"footnotes":""},"categories":[3],"tags":[],"class_list":["post-52208","post","type-post","status-publish","format-standard","has-post-thumbnail","hentry","category-noticias"],"jetpack_featured_media_url":"https:\/\/hablemosclarotdf.com.ar\/wp-content\/uploads\/2025\/09\/photo_2025-09-26_15-28-26.jpg","_links":{"self":[{"href":"https:\/\/hablemosclarotdf.com.ar\/index.php?rest_route=\/wp\/v2\/posts\/52208","targetHints":{"allow":["GET"]}}],"collection":[{"href":"https:\/\/hablemosclarotdf.com.ar\/index.php?rest_route=\/wp\/v2\/posts"}],"about":[{"href":"https:\/\/hablemosclarotdf.com.ar\/index.php?rest_route=\/wp\/v2\/types\/post"}],"author":[{"embeddable":true,"href":"https:\/\/hablemosclarotdf.com.ar\/index.php?rest_route=\/wp\/v2\/users\/1"}],"replies":[{"embeddable":true,"href":"https:\/\/hablemosclarotdf.com.ar\/index.php?rest_route=%2Fwp%2Fv2%2Fcomments&post=52208"}],"version-history":[{"count":1,"href":"https:\/\/hablemosclarotdf.com.ar\/index.php?rest_route=\/wp\/v2\/posts\/52208\/revisions"}],"predecessor-version":[{"id":52214,"href":"https:\/\/hablemosclarotdf.com.ar\/index.php?rest_route=\/wp\/v2\/posts\/52208\/revisions\/52214"}],"wp:featuredmedia":[{"embeddable":true,"href":"https:\/\/hablemosclarotdf.com.ar\/index.php?rest_route=\/wp\/v2\/media\/52209"}],"wp:attachment":[{"href":"https:\/\/hablemosclarotdf.com.ar\/index.php?rest_route=%2Fwp%2Fv2%2Fmedia&parent=52208"}],"wp:term":[{"taxonomy":"category","embeddable":true,"href":"https:\/\/hablemosclarotdf.com.ar\/index.php?rest_route=%2Fwp%2Fv2%2Fcategories&post=52208"},{"taxonomy":"post_tag","embeddable":true,"href":"https:\/\/hablemosclarotdf.com.ar\/index.php?rest_route=%2Fwp%2Fv2%2Ftags&post=52208"}],"curies":[{"name":"wp","href":"https:\/\/api.w.org\/{rel}","templated":true}]}}