{"id":52205,"date":"2025-09-26T13:04:33","date_gmt":"2025-09-26T16:04:33","guid":{"rendered":"https:\/\/hablemosclarotdf.com.ar\/?p=52205"},"modified":"2025-09-26T13:04:33","modified_gmt":"2025-09-26T16:04:33","slug":"rio-grande-llega-un-gran-fin-de-semana-para-disfrutar","status":"publish","type":"post","link":"https:\/\/hablemosclarotdf.com.ar\/?p=52205","title":{"rendered":"RIO GRANDE : LLEGA UN GRAN FIN DE SEMANA PARA DISFRUTAR"},"content":{"rendered":"<p>RECORR\u00c9 EL MUSEO MUNICIPAL VIRGINIA CHOQUINTEL<\/p>\n<p>De lunes a viernes de 9 a 17 horas, el Museo abre sus puertas, mientras que los s\u00e1bados la jornada comienza de 15 a 18 horas, en Alberdi 555. En este espacio cultural, vecinos y vecinas aprender\u00e1n sobre la Causa Malvinas; los pueblos originarios; el \u00e1rea de Ciencias Naturales con la biodiversidad fueguina; los ambientes marinos y terrestres; el sector de Historia con los principales sucesos hist\u00f3ricos de la ciudad y otros aspectos que son parte de nuestra identidad riograndenses.<\/p>\n<p>\u201cRGA ALIMENTOS\u201d EN EL PASEO CANTO DEL VIENTO<\/p>\n<p>El viernes y s\u00e1bado, el punto de venta, el cual est\u00e1 ubicado en Fagnano 650, abre sus puertas al p\u00fablico de 10 a 20 horas; mientras que el domingo el horario ser\u00e1 de 10 a 13 horas. Durante el fin de semana los y las riograndenses podr\u00e1n adquirir alimentos de productores locales como pescado, huevos y hortalizas.<\/p>\n<p>PARTICIP\u00c1 DE LA CHARLA \u201cCONOCIENDO A LOS HUMEDALES\u201d EN EL CIA<\/p>\n<p>A trav\u00e9s de esta propuesta vinculada al ambiente, se busca que los y las riograndenses conozcan la importancia de cuidar nuestras costas, nuestras reservas y la biodiversidad que habita en R\u00edo Grande. La misma se llevar\u00e1 a cabo este viernes 26 de septiembre en el Centro de Interpretaci\u00f3n Ambiental, ubicado en la Ruta 3 (frente al barrio Las Barrancas) de 14 a 16 horas.<\/p>\n<p>S\u00c9 PARTE DE LA CHARLA SOBRE RECICLAJE Y COMPOSTAJE<\/p>\n<p>Este viernes, se llevar\u00e1 a cabo este encuentro en el marco del D\u00eda de la Conciencia Ambiental. La propuesta, abierta a la comunidad, comenzar\u00e1 a las 14 horas en la Casa Municipal que est\u00e1 situada en Portol\u00e1n 465.<\/p>\n<p>DISFRUT\u00c1 DE LA VELADA ART\u00cdSTICA EN EL CIM<\/p>\n<p>En el marco del 3\u00b0 aniversario del Centro Integral de la Mujer, este viernes 26 de septiembre se realizar\u00e1 esta propuesta a partir de las 19 horas, en Av. Prefectura Naval 730. Durante la jornada se inaugurar\u00e1 la Biblioteca de autoras fueguinas para mujeres e infancias, posteriormente, junto a la Subsecretar\u00eda de Cultura, se llevar\u00e1 adelante la Velada Art\u00edstica con la presentaci\u00f3n de la artista Millacura.<\/p>\n<p>LOS RECITALES QUE TE ESPERAN EN LA PANTALLA DEL \u201cPARQUE DE LOS 100 A\u00d1OS\u201d<\/p>\n<p>A partir de las 22 horas, durante este fin de semana, en el Parque de los 100 A\u00f1os, vecinos y vecinas podr\u00e1n disfrutar de un amplio repertorio musical, a trav\u00e9s de la pantalla. El viernes se proyectar\u00e1 La Mona &#8211; Un Poco de Ruido; el s\u00e1bado se podr\u00e1 disfrutar de \u201cUn Poco de Ruido en el Movistar Arena\u201d. Mientras que el domingo se transmitir\u00e1 \u201cLos Tabaleros\u201d. Quienes asistan en veh\u00edculo podr\u00e1n sintonizar el audio desde la radio en el dial 89.5.<\/p>\n<p>NUEVA JORNADA DE VACUNACI\u00d3N ANTIRR\u00c1BICA EN ESPACIO TECNOL\u00d3GICO<\/p>\n<p>La misma se realizar\u00e1 este s\u00e1bado 27 de septiembre, de 9 a 14 horas, en el Espacio Tecnol\u00f3gico, ubicado en Pellegrini 520. Se solicita que los perros asistan con correa y collar, mientras que los gatos deben trasladarse en canil, garantizando as\u00ed la seguridad de todas las mascotas y del personal que participa de la jornada.<\/p>\n<p>JORNADA RECREATIVA EN EL B\u00b0 EL MIRADOR<\/p>\n<p>Este s\u00e1bado 26 de septiembre se realizar\u00e1 una actividad en el barrio El Mirador, la cual comenzar\u00e1 a las 15 horas en la Plaza que est\u00e1 ubicada en 28 de Mayo y Dos Lomas. Durante la jornada habr\u00e1 juegos, DJ en vivo, cosas ricas para compartir con los presentes y sorpresas. Cabe mencionar que la propuesta est\u00e1 sujeta a modificaciones seg\u00fan las condiciones clim\u00e1ticas.<\/p>\n<p>DEPORTE EN TU BARRIO: EDICI\u00d3N KERMESSE<\/p>\n<p>Este s\u00e1bado, los y las riograndenses podr\u00e1n disfrutar de una tarde de actividades deportivas, juegos de kermesse y aerobox. Tendr\u00e1 lugar a partir de las 15 horas, en el Centro Comunitario Municipal del B\u00b0 Austral, ubicado en Hoiken 511.<\/p>\n<p>SEMBRANDO COMUNIDAD EN LA CIUDAD<\/p>\n<p>Se trata de una propuesta que incluir\u00e1 pintado de macetas y recomendaciones para el cuidado de \u00e1rboles. Es este s\u00e1bado de 15 a 18 horas, en el Centro Municipal de Desarrollo Comunitario, ubicado en Rafaela Ishton 1148.<\/p>\n<p>LA JUEGOTECA AMBULANTE DA LA BIENVENIDA A LA PRIMAVERA<\/p>\n<p>Este s\u00e1bado 26 de septiembre, de 15 a 17 horas, la \u201cJuegoteca Ambulante\u201d estar\u00e1 presente en el Centro Comunitario Municipal del barrio Aeropuerto, el cual se encuentra situado en Los Calafates 920. La jornada est\u00e1 destinada a las infancias junto a sus familias.<\/p>\n","protected":false},"excerpt":{"rendered":"<p>RECORR\u00c9 EL MUSEO MUNICIPAL VIRGINIA CHOQUINTEL De lunes a viernes de 9 a 17 horas,&#8230;<\/p>\n","protected":false},"author":1,"featured_media":52206,"comment_status":"closed","ping_status":"closed","sticky":false,"template":"","format":"standard","meta":{"footnotes":""},"categories":[3],"tags":[],"class_list":["post-52205","post","type-post","status-publish","format-standard","has-post-thumbnail","hentry","category-noticias"],"jetpack_featured_media_url":"https:\/\/hablemosclarotdf.com.ar\/wp-content\/uploads\/2025\/09\/photo_2025-09-26_13-03-29.jpg","_links":{"self":[{"href":"https:\/\/hablemosclarotdf.com.ar\/index.php?rest_route=\/wp\/v2\/posts\/52205","targetHints":{"allow":["GET"]}}],"collection":[{"href":"https:\/\/hablemosclarotdf.com.ar\/index.php?rest_route=\/wp\/v2\/posts"}],"about":[{"href":"https:\/\/hablemosclarotdf.com.ar\/index.php?rest_route=\/wp\/v2\/types\/post"}],"author":[{"embeddable":true,"href":"https:\/\/hablemosclarotdf.com.ar\/index.php?rest_route=\/wp\/v2\/users\/1"}],"replies":[{"embeddable":true,"href":"https:\/\/hablemosclarotdf.com.ar\/index.php?rest_route=%2Fwp%2Fv2%2Fcomments&post=52205"}],"version-history":[{"count":1,"href":"https:\/\/hablemosclarotdf.com.ar\/index.php?rest_route=\/wp\/v2\/posts\/52205\/revisions"}],"predecessor-version":[{"id":52207,"href":"https:\/\/hablemosclarotdf.com.ar\/index.php?rest_route=\/wp\/v2\/posts\/52205\/revisions\/52207"}],"wp:featuredmedia":[{"embeddable":true,"href":"https:\/\/hablemosclarotdf.com.ar\/index.php?rest_route=\/wp\/v2\/media\/52206"}],"wp:attachment":[{"href":"https:\/\/hablemosclarotdf.com.ar\/index.php?rest_route=%2Fwp%2Fv2%2Fmedia&parent=52205"}],"wp:term":[{"taxonomy":"category","embeddable":true,"href":"https:\/\/hablemosclarotdf.com.ar\/index.php?rest_route=%2Fwp%2Fv2%2Fcategories&post=52205"},{"taxonomy":"post_tag","embeddable":true,"href":"https:\/\/hablemosclarotdf.com.ar\/index.php?rest_route=%2Fwp%2Fv2%2Ftags&post=52205"}],"curies":[{"name":"wp","href":"https:\/\/api.w.org\/{rel}","templated":true}]}}