{"id":52197,"date":"2025-09-26T10:57:58","date_gmt":"2025-09-26T13:57:58","guid":{"rendered":"https:\/\/hablemosclarotdf.com.ar\/?p=52197"},"modified":"2025-09-26T10:57:58","modified_gmt":"2025-09-26T13:57:58","slug":"ushuaia-presente-en-el-lanzamiento-de-la-temporada-verano-en-caba","status":"publish","type":"post","link":"https:\/\/hablemosclarotdf.com.ar\/?p=52197","title":{"rendered":"USHUAIA  PRESENTE EN EL LANZAMIENTO DE LA TEMPORADA VERANO EN CABA"},"content":{"rendered":"<p>La Secretar\u00eda de Turismo de la Municipalidad de Ushuaia particip\u00f3 de la presentaci\u00f3n de la Temporada de Verano 2026, organizada por el INFUETUR en la Ciudad de Buenos Aires ante cientos de operadores nacionales y regionales.<\/p>\n<p>En representaci\u00f3n de la ciudad, asisti\u00f3 la secretaria del \u00e1rea Viviana Manfredotti, quien destac\u00f3 que \u201ceste es un encuentro esencial para la actividad tur\u00edstica, que nos permite exhibir los atractivos del destino y coordinar acciones de promoci\u00f3n concretas con operadores de todo el pa\u00eds, con el objetivo de alcanzar los mejores resultados posibles en este nuevo tramo del a\u00f1o\u201d.<\/p>\n<p>Asimismo, se\u00f1al\u00f3 que uno de los ejes m\u00e1s abordados en el evento fue la necesidad de &#8220;instrumentar todas las herramientas disponibles para fortalecer los v\u00ednculos p\u00fablico-privados, lo que resulta clave para afrontar un contexto econ\u00f3mico particularmente complejo para el turismo&#8221;.<\/p>\n<p>En esa l\u00ednea, Manfredotti advirti\u00f3 que &#8220;por diversos factores, el turismo interno viene registrando una ca\u00edda sostenida, y algo similar ocurre con el turismo internacional, que nos reconoce como un destino atractivo pero percibe altos costos en d\u00f3lares. Esta situaci\u00f3n, producto de las pol\u00edticas econ\u00f3micas del gobierno nacional, no creo que se solucione en el corto plazo. Lo que nos toca a los representantes de ciudades y provincias es generar pol\u00edticas p\u00fablicas creativas que faciliten a los prestadores de servicios tur\u00edsticos, gastron\u00f3micos y hoteleros ser m\u00e1s competitivos. En eso debemos enfocarnos: en ser creativos para sortear el temporal\u201d.<\/p>\n<p><img loading=\"lazy\" decoding=\"async\" class=\"alignnone size-medium wp-image-52199\" src=\"https:\/\/hablemosclarotdf.com.ar\/wp-content\/uploads\/2025\/09\/photo_2025-09-26_10-55-43-300x200.jpg\" alt=\"\" width=\"300\" height=\"200\" srcset=\"https:\/\/hablemosclarotdf.com.ar\/wp-content\/uploads\/2025\/09\/photo_2025-09-26_10-55-43-300x200.jpg 300w, https:\/\/hablemosclarotdf.com.ar\/wp-content\/uploads\/2025\/09\/photo_2025-09-26_10-55-43-1024x683.jpg 1024w, https:\/\/hablemosclarotdf.com.ar\/wp-content\/uploads\/2025\/09\/photo_2025-09-26_10-55-43-768x512.jpg 768w, https:\/\/hablemosclarotdf.com.ar\/wp-content\/uploads\/2025\/09\/photo_2025-09-26_10-55-43.jpg 1277w\" sizes=\"auto, (max-width: 300px) 100vw, 300px\" \/> <img loading=\"lazy\" decoding=\"async\" class=\"alignnone size-medium wp-image-52200\" src=\"https:\/\/hablemosclarotdf.com.ar\/wp-content\/uploads\/2025\/09\/photo_2025-09-26_10-55-47-300x200.jpg\" alt=\"\" width=\"300\" height=\"200\" srcset=\"https:\/\/hablemosclarotdf.com.ar\/wp-content\/uploads\/2025\/09\/photo_2025-09-26_10-55-47-300x200.jpg 300w, https:\/\/hablemosclarotdf.com.ar\/wp-content\/uploads\/2025\/09\/photo_2025-09-26_10-55-47-768x512.jpg 768w, https:\/\/hablemosclarotdf.com.ar\/wp-content\/uploads\/2025\/09\/photo_2025-09-26_10-55-47.jpg 969w\" sizes=\"auto, (max-width: 300px) 100vw, 300px\" \/> <img loading=\"lazy\" decoding=\"async\" class=\"alignnone size-medium wp-image-52201\" src=\"https:\/\/hablemosclarotdf.com.ar\/wp-content\/uploads\/2025\/09\/photo_2025-09-26_10-55-51-300x200.jpg\" alt=\"\" width=\"300\" height=\"200\" srcset=\"https:\/\/hablemosclarotdf.com.ar\/wp-content\/uploads\/2025\/09\/photo_2025-09-26_10-55-51-300x200.jpg 300w, https:\/\/hablemosclarotdf.com.ar\/wp-content\/uploads\/2025\/09\/photo_2025-09-26_10-55-51-1024x683.jpg 1024w, https:\/\/hablemosclarotdf.com.ar\/wp-content\/uploads\/2025\/09\/photo_2025-09-26_10-55-51-768x512.jpg 768w, https:\/\/hablemosclarotdf.com.ar\/wp-content\/uploads\/2025\/09\/photo_2025-09-26_10-55-51.jpg 1280w\" sizes=\"auto, (max-width: 300px) 100vw, 300px\" \/> <img loading=\"lazy\" decoding=\"async\" class=\"alignnone size-medium wp-image-52202\" src=\"https:\/\/hablemosclarotdf.com.ar\/wp-content\/uploads\/2025\/09\/photo_2025-09-26_10-55-55-300x200.jpg\" alt=\"\" width=\"300\" height=\"200\" srcset=\"https:\/\/hablemosclarotdf.com.ar\/wp-content\/uploads\/2025\/09\/photo_2025-09-26_10-55-55-300x200.jpg 300w, https:\/\/hablemosclarotdf.com.ar\/wp-content\/uploads\/2025\/09\/photo_2025-09-26_10-55-55-1024x683.jpg 1024w, https:\/\/hablemosclarotdf.com.ar\/wp-content\/uploads\/2025\/09\/photo_2025-09-26_10-55-55-768x512.jpg 768w, https:\/\/hablemosclarotdf.com.ar\/wp-content\/uploads\/2025\/09\/photo_2025-09-26_10-55-55.jpg 1226w\" sizes=\"auto, (max-width: 300px) 100vw, 300px\" \/> <img loading=\"lazy\" decoding=\"async\" class=\"alignnone size-medium wp-image-52203\" src=\"https:\/\/hablemosclarotdf.com.ar\/wp-content\/uploads\/2025\/09\/photo_2025-09-26_10-56-00-300x200.jpg\" alt=\"\" width=\"300\" height=\"200\" srcset=\"https:\/\/hablemosclarotdf.com.ar\/wp-content\/uploads\/2025\/09\/photo_2025-09-26_10-56-00-300x200.jpg 300w, https:\/\/hablemosclarotdf.com.ar\/wp-content\/uploads\/2025\/09\/photo_2025-09-26_10-56-00-1024x683.jpg 1024w, https:\/\/hablemosclarotdf.com.ar\/wp-content\/uploads\/2025\/09\/photo_2025-09-26_10-56-00-768x512.jpg 768w, https:\/\/hablemosclarotdf.com.ar\/wp-content\/uploads\/2025\/09\/photo_2025-09-26_10-56-00.jpg 1032w\" sizes=\"auto, (max-width: 300px) 100vw, 300px\" \/><\/p>\n","protected":false},"excerpt":{"rendered":"<p>La Secretar\u00eda de Turismo de la Municipalidad de Ushuaia particip\u00f3 de la presentaci\u00f3n de la&#8230;<\/p>\n","protected":false},"author":1,"featured_media":52198,"comment_status":"closed","ping_status":"closed","sticky":false,"template":"","format":"standard","meta":{"footnotes":""},"categories":[3],"tags":[],"class_list":["post-52197","post","type-post","status-publish","format-standard","has-post-thumbnail","hentry","category-noticias"],"jetpack_featured_media_url":"https:\/\/hablemosclarotdf.com.ar\/wp-content\/uploads\/2025\/09\/photo_2025-09-26_10-55-38.jpg","_links":{"self":[{"href":"https:\/\/hablemosclarotdf.com.ar\/index.php?rest_route=\/wp\/v2\/posts\/52197","targetHints":{"allow":["GET"]}}],"collection":[{"href":"https:\/\/hablemosclarotdf.com.ar\/index.php?rest_route=\/wp\/v2\/posts"}],"about":[{"href":"https:\/\/hablemosclarotdf.com.ar\/index.php?rest_route=\/wp\/v2\/types\/post"}],"author":[{"embeddable":true,"href":"https:\/\/hablemosclarotdf.com.ar\/index.php?rest_route=\/wp\/v2\/users\/1"}],"replies":[{"embeddable":true,"href":"https:\/\/hablemosclarotdf.com.ar\/index.php?rest_route=%2Fwp%2Fv2%2Fcomments&post=52197"}],"version-history":[{"count":1,"href":"https:\/\/hablemosclarotdf.com.ar\/index.php?rest_route=\/wp\/v2\/posts\/52197\/revisions"}],"predecessor-version":[{"id":52204,"href":"https:\/\/hablemosclarotdf.com.ar\/index.php?rest_route=\/wp\/v2\/posts\/52197\/revisions\/52204"}],"wp:featuredmedia":[{"embeddable":true,"href":"https:\/\/hablemosclarotdf.com.ar\/index.php?rest_route=\/wp\/v2\/media\/52198"}],"wp:attachment":[{"href":"https:\/\/hablemosclarotdf.com.ar\/index.php?rest_route=%2Fwp%2Fv2%2Fmedia&parent=52197"}],"wp:term":[{"taxonomy":"category","embeddable":true,"href":"https:\/\/hablemosclarotdf.com.ar\/index.php?rest_route=%2Fwp%2Fv2%2Fcategories&post=52197"},{"taxonomy":"post_tag","embeddable":true,"href":"https:\/\/hablemosclarotdf.com.ar\/index.php?rest_route=%2Fwp%2Fv2%2Ftags&post=52197"}],"curies":[{"name":"wp","href":"https:\/\/api.w.org\/{rel}","templated":true}]}}